{"id":11565,"date":"2022-05-27T11:19:21","date_gmt":"2022-05-27T09:19:21","guid":{"rendered":"https:\/\/agora.xtec.cat\/escolalavilapalamos\/?p=11565"},"modified":"2022-05-27T11:19:21","modified_gmt":"2022-05-27T09:19:21","slug":"sortida-de-p4-a-sant-joan","status":"publish","type":"post","link":"https:\/\/agora.xtec.cat\/escolalavilapalamos\/general\/sortida-de-p4-a-sant-joan\/","title":{"rendered":"Sortida de P4 a Sant Joan"},"content":{"rendered":"<p><img loading=\"lazy\" decoding=\"async\" class=\"wp-image-11631  alignright\" src=\"https:\/\/agora.xtec.cat\/escolalavilapalamos\/wp-content\/uploads\/usu897\/2022\/05\/1652697574202-640x480-1.jpg\" alt=\"\" width=\"381\" height=\"286\" srcset=\"https:\/\/agora.xtec.cat\/escolalavilapalamos\/wp-content\/uploads\/usu897\/2022\/05\/1652697574202-640x480-1.jpg 639w, https:\/\/agora.xtec.cat\/escolalavilapalamos\/wp-content\/uploads\/usu897\/2022\/05\/1652697574202-640x480-1-300x225.jpg 300w, https:\/\/agora.xtec.cat\/escolalavilapalamos\/wp-content\/uploads\/usu897\/2022\/05\/1652697574202-640x480-1-200x150.jpg 200w\" sizes=\"auto, (max-width: 381px) 100vw, 381px\" \/>Aprofitant que fa bon temps, els nens i nens de P4 vam anar a visitar l&#8217;Esgl\u00e9sia de Sant Joan i el parc de Mossen Gumersind. Ens ho vam passar s\u00faper b\u00e9!<\/p>\n<p>Us deixem unes <a href=\"https:\/\/photos.app.goo.gl\/W42BPAFViGLNjzvh8\">fotos<\/a> d&#8217;aquest mat\u00ed tan divertit.<\/p>\n","protected":false},"excerpt":{"rendered":"<p>Aprofitant que fa bon temps, els nens i nens de P4 vam anar a visitar l&#8217;Esgl\u00e9sia de Sant Joan i el parc de Mossen Gumersind. Ens ho vam passar s\u00faper b\u00e9!<br \/>\nUs deixem unes <a href=\"https:\/\/photos.app.goo.gl\/W42BPAFViGLNjzvh8\">fotos<\/a> d&#8217;aquest mat\u00ed tan divertit.<\/p>\n","protected":false},"author":128,"featured_media":11631,"comment_status":"open","ping_status":"closed","sticky":false,"template":"","format":"standard","meta":{"_bbp_topic_count":0,"_bbp_reply_count":0,"_bbp_total_topic_count":0,"_bbp_total_reply_count":0,"_bbp_voice_count":0,"_bbp_anonymous_reply_count":0,"_bbp_topic_count_hidden":0,"_bbp_reply_count_hidden":0,"_bbp_forum_subforum_count":0,"footnotes":""},"categories":[2,1,4],"tags":[],"class_list":["post-11565","post","type-post","status-publish","format-standard","has-post-thumbnail","hentry","category-infantil","category-general","category-portada"],"post_mailing_queue_ids":[],"_links":{"self":[{"href":"https:\/\/agora.xtec.cat\/escolalavilapalamos\/wp-json\/wp\/v2\/posts\/11565","targetHints":{"allow":["GET"]}}],"collection":[{"href":"https:\/\/agora.xtec.cat\/escolalavilapalamos\/wp-json\/wp\/v2\/posts"}],"about":[{"href":"https:\/\/agora.xtec.cat\/escolalavilapalamos\/wp-json\/wp\/v2\/types\/post"}],"author":[{"embeddable":true,"href":"https:\/\/agora.xtec.cat\/escolalavilapalamos\/wp-json\/wp\/v2\/users\/128"}],"replies":[{"embeddable":true,"href":"https:\/\/agora.xtec.cat\/escolalavilapalamos\/wp-json\/wp\/v2\/comments?post=11565"}],"version-history":[{"count":3,"href":"https:\/\/agora.xtec.cat\/escolalavilapalamos\/wp-json\/wp\/v2\/posts\/11565\/revisions"}],"predecessor-version":[{"id":11636,"href":"https:\/\/agora.xtec.cat\/escolalavilapalamos\/wp-json\/wp\/v2\/posts\/11565\/revisions\/11636"}],"wp:featuredmedia":[{"embeddable":true,"href":"https:\/\/agora.xtec.cat\/escolalavilapalamos\/wp-json\/wp\/v2\/media\/11631"}],"wp:attachment":[{"href":"https:\/\/agora.xtec.cat\/escolalavilapalamos\/wp-json\/wp\/v2\/media?parent=11565"}],"wp:term":[{"taxonomy":"category","embeddable":true,"href":"https:\/\/agora.xtec.cat\/escolalavilapalamos\/wp-json\/wp\/v2\/categories?post=11565"},{"taxonomy":"post_tag","embeddable":true,"href":"https:\/\/agora.xtec.cat\/escolalavilapalamos\/wp-json\/wp\/v2\/tags?post=11565"}],"curies":[{"name":"wp","href":"https:\/\/api.w.org\/{rel}","templated":true}]}}