{"id":11544,"date":"2022-05-12T12:01:42","date_gmt":"2022-05-12T10:01:42","guid":{"rendered":"https:\/\/agora.xtec.cat\/escolalavilapalamos\/?p=11544"},"modified":"2022-05-12T12:01:42","modified_gmt":"2022-05-12T10:01:42","slug":"visita-de-lassociacio-pots-a-6e","status":"publish","type":"post","link":"https:\/\/agora.xtec.cat\/escolalavilapalamos\/portada\/visita-de-lassociacio-pots-a-6e\/","title":{"rendered":"Visita de l&#8217;associaci\u00f3 POTS a 6\u00e8!"},"content":{"rendered":"<p>El passat dimecres dia 11 de maig els grups de 6\u00e8 van realitzar una interessant jornada d&#8217;inclusi\u00f3 i visibilitzaci\u00f3 amb l&#8217;associaci\u00f3 POTS. La jornada es va dividir en una xerrada informativa al mat\u00ed sobre l&#8217;esport adaptat i a la tarda , la pr\u00e0ctica de b\u00e0squet amb cadires de rodes i Boccia. Ha estat una activitat molt interessant promoguda des de l&#8217;escola, on l&#8217;alumnat ha gaudit i experimentat, gr\u00e0cies a un monitoratge que ha realitzat una tasca excel\u00b7lent.<\/p>\n<p>Clicant sobre la imatge podeu veure un recull de fotografies de la jornada.<\/p>\n<p><a href=\"https:\/\/photos.app.goo.gl\/AFQBqbDsv419Ecde6\"><img loading=\"lazy\" decoding=\"async\" class=\"wp-image-11545 aligncenter\" src=\"https:\/\/agora.xtec.cat\/escolalavilapalamos\/wp-content\/uploads\/usu897\/2022\/05\/IMG-20220511-WA0032-1024x768.jpg\" alt=\"\" width=\"511\" height=\"383\" srcset=\"https:\/\/agora.xtec.cat\/escolalavilapalamos\/wp-content\/uploads\/usu897\/2022\/05\/IMG-20220511-WA0032-1024x768.jpg 1024w, https:\/\/agora.xtec.cat\/escolalavilapalamos\/wp-content\/uploads\/usu897\/2022\/05\/IMG-20220511-WA0032-300x225.jpg 300w, https:\/\/agora.xtec.cat\/escolalavilapalamos\/wp-content\/uploads\/usu897\/2022\/05\/IMG-20220511-WA0032-768x576.jpg 768w, https:\/\/agora.xtec.cat\/escolalavilapalamos\/wp-content\/uploads\/usu897\/2022\/05\/IMG-20220511-WA0032-1536x1152.jpg 1536w, https:\/\/agora.xtec.cat\/escolalavilapalamos\/wp-content\/uploads\/usu897\/2022\/05\/IMG-20220511-WA0032-200x150.jpg 200w, https:\/\/agora.xtec.cat\/escolalavilapalamos\/wp-content\/uploads\/usu897\/2022\/05\/IMG-20220511-WA0032.jpg 1600w\" sizes=\"auto, (max-width: 511px) 100vw, 511px\" \/><\/a><\/p>\n","protected":false},"excerpt":{"rendered":"<p>El passat dimecres dia 11 de maig els grups de 6\u00e8 van realitzar una interessant jornada d&#8217;inclusi\u00f3 i visibilitzaci\u00f3 amb l&#8217;associaci\u00f3 POTS. La jornada es va dividir en una xerrada informativa al mat\u00ed sobre l&#8217;esport adaptat i a la tarda , la pr\u00e0ctica de b\u00e0squet&hellip;  <a href=\"https:\/\/agora.xtec.cat\/escolalavilapalamos\/portada\/visita-de-lassociacio-pots-a-6e\/\" title=\"Read Visita de l&#8217;associaci\u00f3 POTS a 6\u00e8!\">Llegeix m\u00e9s\u00bb<\/a><\/p>\n","protected":false},"author":167,"featured_media":11545,"comment_status":"open","ping_status":"closed","sticky":false,"template":"","format":"standard","meta":{"_bbp_topic_count":0,"_bbp_reply_count":0,"_bbp_total_topic_count":0,"_bbp_total_reply_count":0,"_bbp_voice_count":0,"_bbp_anonymous_reply_count":0,"_bbp_topic_count_hidden":0,"_bbp_reply_count_hidden":0,"_bbp_forum_subforum_count":0,"footnotes":""},"categories":[15,128,70,67,4],"tags":[],"class_list":["post-11544","post","type-post","status-publish","format-standard","has-post-thumbnail","hentry","category-6e","category-comunitat-de-grans","category-efi","category-especialistes","category-portada"],"post_mailing_queue_ids":[],"_links":{"self":[{"href":"https:\/\/agora.xtec.cat\/escolalavilapalamos\/wp-json\/wp\/v2\/posts\/11544","targetHints":{"allow":["GET"]}}],"collection":[{"href":"https:\/\/agora.xtec.cat\/escolalavilapalamos\/wp-json\/wp\/v2\/posts"}],"about":[{"href":"https:\/\/agora.xtec.cat\/escolalavilapalamos\/wp-json\/wp\/v2\/types\/post"}],"author":[{"embeddable":true,"href":"https:\/\/agora.xtec.cat\/escolalavilapalamos\/wp-json\/wp\/v2\/users\/167"}],"replies":[{"embeddable":true,"href":"https:\/\/agora.xtec.cat\/escolalavilapalamos\/wp-json\/wp\/v2\/comments?post=11544"}],"version-history":[{"count":1,"href":"https:\/\/agora.xtec.cat\/escolalavilapalamos\/wp-json\/wp\/v2\/posts\/11544\/revisions"}],"predecessor-version":[{"id":11546,"href":"https:\/\/agora.xtec.cat\/escolalavilapalamos\/wp-json\/wp\/v2\/posts\/11544\/revisions\/11546"}],"wp:featuredmedia":[{"embeddable":true,"href":"https:\/\/agora.xtec.cat\/escolalavilapalamos\/wp-json\/wp\/v2\/media\/11545"}],"wp:attachment":[{"href":"https:\/\/agora.xtec.cat\/escolalavilapalamos\/wp-json\/wp\/v2\/media?parent=11544"}],"wp:term":[{"taxonomy":"category","embeddable":true,"href":"https:\/\/agora.xtec.cat\/escolalavilapalamos\/wp-json\/wp\/v2\/categories?post=11544"},{"taxonomy":"post_tag","embeddable":true,"href":"https:\/\/agora.xtec.cat\/escolalavilapalamos\/wp-json\/wp\/v2\/tags?post=11544"}],"curies":[{"name":"wp","href":"https:\/\/api.w.org\/{rel}","templated":true}]}}