{"id":11542,"date":"2022-05-12T12:03:47","date_gmt":"2022-05-12T10:03:47","guid":{"rendered":"https:\/\/agora.xtec.cat\/escolalavilapalamos\/?p=11542"},"modified":"2022-05-12T12:02:49","modified_gmt":"2022-05-12T10:02:49","slug":"lestranya-herencia-de-l-v-beethoven-a-6e-de-primaria","status":"publish","type":"post","link":"https:\/\/agora.xtec.cat\/escolalavilapalamos\/general\/lestranya-herencia-de-l-v-beethoven-a-6e-de-primaria\/","title":{"rendered":"L&#8217;estranya her\u00e8ncia de L.V Beethoven a 6\u00e8 de primaria"},"content":{"rendered":"<p>El passat <strong>divendres 6 de maig a les 20h<\/strong> , els alumnes de 6\u00e8 de prim\u00e0ria vam representar l&#8217;obra &#8220;<strong>L&#8217;estranya her\u00e8ncia de L.V Beethoven<\/strong>&#8221; al teatre la Gorga per la 30a Mostra de Teatre Infantil de la Vila de Palam\u00f3s. Entre tots vam posar llum a la foscor!<\/p>\n<p>No us perdeu l&#8217;obra de teatre! Us deixem amb l&#8217;enlla\u00e7 de Youtube. Van fer-ho genial!!!<\/p>\n<p><iframe loading=\"lazy\" src=\"\/\/www.youtube.com\/embed\/-dVwZxqPKNY\" width=\"560\" height=\"314\" allowfullscreen=\"allowfullscreen\"><\/iframe><\/p>\n","protected":false},"excerpt":{"rendered":"<p>El passat divendres 6 de maig a les 20h , els alumnes de 6\u00e8 de prim\u00e0ria vam representar l&#8217;obra &#8220;L&#8217;estranya her\u00e8ncia de L.V Beethoven&#8221; al teatre la Gorga per la 30a Mostra de Teatre Infantil de la Vila de Palam\u00f3s. Entre tots vam posar llum&hellip;  <a href=\"https:\/\/agora.xtec.cat\/escolalavilapalamos\/general\/lestranya-herencia-de-l-v-beethoven-a-6e-de-primaria\/\" title=\"Read L&#8217;estranya her\u00e8ncia de L.V Beethoven a 6\u00e8 de primaria\">Llegeix m\u00e9s\u00bb<\/a><\/p>\n","protected":false},"author":132,"featured_media":11551,"comment_status":"closed","ping_status":"closed","sticky":false,"template":"","format":"standard","meta":{"_bbp_topic_count":0,"_bbp_reply_count":0,"_bbp_total_topic_count":0,"_bbp_total_reply_count":0,"_bbp_voice_count":0,"_bbp_anonymous_reply_count":0,"_bbp_topic_count_hidden":0,"_bbp_reply_count_hidden":0,"_bbp_forum_subforum_count":0,"footnotes":""},"categories":[15,128,1,68,138,4,5],"tags":[],"class_list":["post-11542","post","type-post","status-publish","format-standard","has-post-thumbnail","hentry","category-6e","category-comunitat-de-grans","category-general","category-musica","category-notices-a-la-web","category-portada","category-primaria"],"post_mailing_queue_ids":[],"_links":{"self":[{"href":"https:\/\/agora.xtec.cat\/escolalavilapalamos\/wp-json\/wp\/v2\/posts\/11542","targetHints":{"allow":["GET"]}}],"collection":[{"href":"https:\/\/agora.xtec.cat\/escolalavilapalamos\/wp-json\/wp\/v2\/posts"}],"about":[{"href":"https:\/\/agora.xtec.cat\/escolalavilapalamos\/wp-json\/wp\/v2\/types\/post"}],"author":[{"embeddable":true,"href":"https:\/\/agora.xtec.cat\/escolalavilapalamos\/wp-json\/wp\/v2\/users\/132"}],"replies":[{"embeddable":true,"href":"https:\/\/agora.xtec.cat\/escolalavilapalamos\/wp-json\/wp\/v2\/comments?post=11542"}],"version-history":[{"count":2,"href":"https:\/\/agora.xtec.cat\/escolalavilapalamos\/wp-json\/wp\/v2\/posts\/11542\/revisions"}],"predecessor-version":[{"id":11552,"href":"https:\/\/agora.xtec.cat\/escolalavilapalamos\/wp-json\/wp\/v2\/posts\/11542\/revisions\/11552"}],"wp:featuredmedia":[{"embeddable":true,"href":"https:\/\/agora.xtec.cat\/escolalavilapalamos\/wp-json\/wp\/v2\/media\/11551"}],"wp:attachment":[{"href":"https:\/\/agora.xtec.cat\/escolalavilapalamos\/wp-json\/wp\/v2\/media?parent=11542"}],"wp:term":[{"taxonomy":"category","embeddable":true,"href":"https:\/\/agora.xtec.cat\/escolalavilapalamos\/wp-json\/wp\/v2\/categories?post=11542"},{"taxonomy":"post_tag","embeddable":true,"href":"https:\/\/agora.xtec.cat\/escolalavilapalamos\/wp-json\/wp\/v2\/tags?post=11542"}],"curies":[{"name":"wp","href":"https:\/\/api.w.org\/{rel}","templated":true}]}}