{"id":11533,"date":"2022-03-25T09:52:05","date_gmt":"2022-03-25T08:52:05","guid":{"rendered":"https:\/\/agora.xtec.cat\/escolalavilapalamos\/?p=11533"},"modified":"2022-06-15T14:57:39","modified_gmt":"2022-06-15T12:57:39","slug":"el-dia-de-la-poesia","status":"publish","type":"post","link":"https:\/\/agora.xtec.cat\/escolalavilapalamos\/general\/el-dia-de-la-poesia\/","title":{"rendered":"El dia de la poesia"},"content":{"rendered":"<p>El dilluns 21 de mar\u00e7 va ser el Dia Mundial\u00a0de la Poesia.<\/p>\n<p>Com que la poesia ens agrada molt, vam estar unes quantes setmanes preparant la performance que avui us compartim.<\/p>\n<p>El treball va implicar diverses \u00e0rees. A llengua vam llegir i analitzar el vocabulari i el sentit del poema. En l&#8217;\u00e0mbit art\u00edstic ens vam\u00a0 posar com a repte la creaci\u00f3 d&#8217;uns cartells amb la t\u00e8cnica del\u00a0collage. En aquest mateix \u00e0mbit, tamb\u00e9 vam treballar la posada en escena amb m\u00fasica. En tot aquest treballar s&#8217;han vist involucrar valors com la paci\u00e8ncia, el respecte, la cooperaci\u00f3, l&#8217;est\u00e8tica i el silenci.<\/p>\n<p>Des d&#8217;aqu\u00ed, volem felicitar els vostres fills i filles pel proc\u00e9s que han seguit per aconseguir l&#8217;objectiu final.<\/p>\n<p>Per tant, amb molta satisfacci\u00f3 us presentem&#8230;<\/p>\n<p><iframe loading=\"lazy\" src=\"\/\/www.youtube.com\/embed\/VrrYvideInU\" width=\"560\" height=\"314\" allowfullscreen=\"allowfullscreen\"><\/iframe><\/p>\n","protected":false},"excerpt":{"rendered":"<p>El dilluns 21 de mar\u00e7 va ser el Dia Mundial\u00a0de la Poesia.<br \/>\nCom que la poesia ens agrada molt, vam estar unes quantes setmanes preparant la performance que avui us compartim.<br \/>\nEl treball va implicar diverses \u00e0rees. A llengua vam llegir i analitzar el vocabulari i el&hellip;  <a href=\"https:\/\/agora.xtec.cat\/escolalavilapalamos\/general\/el-dia-de-la-poesia\/\" title=\"Read El dia de la poesia\">Llegeix m\u00e9s\u00bb<\/a><\/p>\n","protected":false},"author":245,"featured_media":0,"comment_status":"open","ping_status":"closed","sticky":false,"template":"","format":"standard","meta":{"_bbp_topic_count":0,"_bbp_reply_count":0,"_bbp_total_topic_count":0,"_bbp_total_reply_count":0,"_bbp_voice_count":0,"_bbp_anonymous_reply_count":0,"_bbp_topic_count_hidden":0,"_bbp_reply_count_hidden":0,"_bbp_forum_subforum_count":0,"footnotes":""},"categories":[127,1,4],"tags":[],"class_list":["post-11533","post","type-post","status-publish","format-standard","hentry","category-comunitat-de-mitjans","category-general","category-portada"],"post_mailing_queue_ids":[],"_links":{"self":[{"href":"https:\/\/agora.xtec.cat\/escolalavilapalamos\/wp-json\/wp\/v2\/posts\/11533","targetHints":{"allow":["GET"]}}],"collection":[{"href":"https:\/\/agora.xtec.cat\/escolalavilapalamos\/wp-json\/wp\/v2\/posts"}],"about":[{"href":"https:\/\/agora.xtec.cat\/escolalavilapalamos\/wp-json\/wp\/v2\/types\/post"}],"author":[{"embeddable":true,"href":"https:\/\/agora.xtec.cat\/escolalavilapalamos\/wp-json\/wp\/v2\/users\/245"}],"replies":[{"embeddable":true,"href":"https:\/\/agora.xtec.cat\/escolalavilapalamos\/wp-json\/wp\/v2\/comments?post=11533"}],"version-history":[{"count":3,"href":"https:\/\/agora.xtec.cat\/escolalavilapalamos\/wp-json\/wp\/v2\/posts\/11533\/revisions"}],"predecessor-version":[{"id":11959,"href":"https:\/\/agora.xtec.cat\/escolalavilapalamos\/wp-json\/wp\/v2\/posts\/11533\/revisions\/11959"}],"wp:attachment":[{"href":"https:\/\/agora.xtec.cat\/escolalavilapalamos\/wp-json\/wp\/v2\/media?parent=11533"}],"wp:term":[{"taxonomy":"category","embeddable":true,"href":"https:\/\/agora.xtec.cat\/escolalavilapalamos\/wp-json\/wp\/v2\/categories?post=11533"},{"taxonomy":"post_tag","embeddable":true,"href":"https:\/\/agora.xtec.cat\/escolalavilapalamos\/wp-json\/wp\/v2\/tags?post=11533"}],"curies":[{"name":"wp","href":"https:\/\/api.w.org\/{rel}","templated":true}]}}