{"id":11492,"date":"2022-05-06T00:10:18","date_gmt":"2022-05-05T22:10:18","guid":{"rendered":"https:\/\/agora.xtec.cat\/escolalavilapalamos\/?p=11492"},"modified":"2022-05-10T00:15:36","modified_gmt":"2022-05-09T22:15:36","slug":"p5-visita-el-far-i-el-port-de-palamos","status":"publish","type":"post","link":"https:\/\/agora.xtec.cat\/escolalavilapalamos\/general\/p5-visita-el-far-i-el-port-de-palamos\/","title":{"rendered":"P5 visita el far i el port de Palam\u00f3s"},"content":{"rendered":"<p>El dijous 5 de maig, dins el Projecte Palam\u00f3s, els nens i nenes de P5 hem visitat el Far, situat a la Punta del Mol\u00ed.<\/p>\n<p>A banda de veure el far i les seves vistes, hem vist la pedra que simula la m\u00e0 del gegant, una roca coneguda per\u00a0 la &#8220;Llegenda La Punta de La Galera de Palam\u00f3s&#8221;, llegenda que hem explicat aquests darrers dies a l&#8217;escola.<\/p>\n<p>Tamb\u00e9, tot passejant hem vist els diferents ports de Palam\u00f3s; el port comercial, el port marina i el port pesquer.<\/p>\n<p>Finalment, hem anat a jugar una estona a la platja i al parc!<\/p>\n<p style=\"text-align: center;\">Hem gaudit molt d&#8217;aquesta sortida! <a href=\"https:\/\/photos.app.goo.gl\/YYqCwR7F3KL5Aui59\"><img loading=\"lazy\" decoding=\"async\" class=\"aligncenter size-large wp-image-11493\" src=\"https:\/\/agora.xtec.cat\/escolalavilapalamos\/wp-content\/uploads\/usu897\/2022\/05\/IMG_0759_-1024x768.jpg\" alt=\"\" width=\"1024\" height=\"768\" srcset=\"https:\/\/agora.xtec.cat\/escolalavilapalamos\/wp-content\/uploads\/usu897\/2022\/05\/IMG_0759_-1024x768.jpg 1024w, https:\/\/agora.xtec.cat\/escolalavilapalamos\/wp-content\/uploads\/usu897\/2022\/05\/IMG_0759_-300x225.jpg 300w, https:\/\/agora.xtec.cat\/escolalavilapalamos\/wp-content\/uploads\/usu897\/2022\/05\/IMG_0759_-768x576.jpg 768w, https:\/\/agora.xtec.cat\/escolalavilapalamos\/wp-content\/uploads\/usu897\/2022\/05\/IMG_0759_-1536x1152.jpg 1536w, https:\/\/agora.xtec.cat\/escolalavilapalamos\/wp-content\/uploads\/usu897\/2022\/05\/IMG_0759_-200x150.jpg 200w, https:\/\/agora.xtec.cat\/escolalavilapalamos\/wp-content\/uploads\/usu897\/2022\/05\/IMG_0759_.jpg 1672w\" sizes=\"auto, (max-width: 1024px) 100vw, 1024px\" \/><\/a>Cliqueu sobre la imatge per veure m\u00e9s fotografies<\/p>\n<p>&nbsp;<\/p>\n","protected":false},"excerpt":{"rendered":"<p>El dijous 5 de maig, dins el Projecte Palam\u00f3s, els nens i nenes de P5 hem visitat el Far, situat a la Punta del Mol\u00ed.<br \/>\nA banda de veure el far i les seves vistes, hem vist la pedra que simula la m\u00e0 del gegant, una&hellip;  <a href=\"https:\/\/agora.xtec.cat\/escolalavilapalamos\/general\/p5-visita-el-far-i-el-port-de-palamos\/\" title=\"Read P5 visita el far i el port de Palam\u00f3s\">Llegeix m\u00e9s\u00bb<\/a><\/p>\n","protected":false},"author":128,"featured_media":11493,"comment_status":"open","ping_status":"closed","sticky":false,"template":"","format":"standard","meta":{"_bbp_topic_count":0,"_bbp_reply_count":0,"_bbp_total_topic_count":0,"_bbp_total_reply_count":0,"_bbp_voice_count":0,"_bbp_anonymous_reply_count":0,"_bbp_topic_count_hidden":0,"_bbp_reply_count_hidden":0,"_bbp_forum_subforum_count":0,"footnotes":""},"categories":[2,1,4],"tags":[],"class_list":["post-11492","post","type-post","status-publish","format-standard","has-post-thumbnail","hentry","category-infantil","category-general","category-portada"],"post_mailing_queue_ids":[],"_links":{"self":[{"href":"https:\/\/agora.xtec.cat\/escolalavilapalamos\/wp-json\/wp\/v2\/posts\/11492","targetHints":{"allow":["GET"]}}],"collection":[{"href":"https:\/\/agora.xtec.cat\/escolalavilapalamos\/wp-json\/wp\/v2\/posts"}],"about":[{"href":"https:\/\/agora.xtec.cat\/escolalavilapalamos\/wp-json\/wp\/v2\/types\/post"}],"author":[{"embeddable":true,"href":"https:\/\/agora.xtec.cat\/escolalavilapalamos\/wp-json\/wp\/v2\/users\/128"}],"replies":[{"embeddable":true,"href":"https:\/\/agora.xtec.cat\/escolalavilapalamos\/wp-json\/wp\/v2\/comments?post=11492"}],"version-history":[{"count":3,"href":"https:\/\/agora.xtec.cat\/escolalavilapalamos\/wp-json\/wp\/v2\/posts\/11492\/revisions"}],"predecessor-version":[{"id":11527,"href":"https:\/\/agora.xtec.cat\/escolalavilapalamos\/wp-json\/wp\/v2\/posts\/11492\/revisions\/11527"}],"wp:featuredmedia":[{"embeddable":true,"href":"https:\/\/agora.xtec.cat\/escolalavilapalamos\/wp-json\/wp\/v2\/media\/11493"}],"wp:attachment":[{"href":"https:\/\/agora.xtec.cat\/escolalavilapalamos\/wp-json\/wp\/v2\/media?parent=11492"}],"wp:term":[{"taxonomy":"category","embeddable":true,"href":"https:\/\/agora.xtec.cat\/escolalavilapalamos\/wp-json\/wp\/v2\/categories?post=11492"},{"taxonomy":"post_tag","embeddable":true,"href":"https:\/\/agora.xtec.cat\/escolalavilapalamos\/wp-json\/wp\/v2\/tags?post=11492"}],"curies":[{"name":"wp","href":"https:\/\/api.w.org\/{rel}","templated":true}]}}