{"id":11484,"date":"2022-05-05T00:59:40","date_gmt":"2022-05-04T22:59:40","guid":{"rendered":"https:\/\/agora.xtec.cat\/escolalavilapalamos\/?p=11484"},"modified":"2022-05-06T13:58:41","modified_gmt":"2022-05-06T11:58:41","slug":"enquesta-de-benestar-emocional-als-alumnes-grans","status":"publish","type":"post","link":"https:\/\/agora.xtec.cat\/escolalavilapalamos\/general\/enquesta-de-benestar-emocional-als-alumnes-grans\/","title":{"rendered":"Enquesta de benestar emocional a les\/als alumnes de 5\u00e8 i 6\u00e8"},"content":{"rendered":"<p><a href=\"https:\/\/agora.xtec.cat\/escolalavilapalamos\/wp-content\/uploads\/usu897\/2022\/05\/WhatsApp-Image-2022-05-04-at-14.02.44.jpeg\"><img loading=\"lazy\" decoding=\"async\" class=\"size-medium wp-image-11485 alignleft\" src=\"https:\/\/agora.xtec.cat\/escolalavilapalamos\/wp-content\/uploads\/usu897\/2022\/05\/WhatsApp-Image-2022-05-04-at-14.02.44-300x300.jpeg\" alt=\"\" width=\"300\" height=\"300\" srcset=\"https:\/\/agora.xtec.cat\/escolalavilapalamos\/wp-content\/uploads\/usu897\/2022\/05\/WhatsApp-Image-2022-05-04-at-14.02.44-300x300.jpeg 300w, https:\/\/agora.xtec.cat\/escolalavilapalamos\/wp-content\/uploads\/usu897\/2022\/05\/WhatsApp-Image-2022-05-04-at-14.02.44-150x150.jpeg 150w, https:\/\/agora.xtec.cat\/escolalavilapalamos\/wp-content\/uploads\/usu897\/2022\/05\/WhatsApp-Image-2022-05-04-at-14.02.44.jpeg 320w\" sizes=\"auto, (max-width: 300px) 100vw, 300px\" \/><\/a>Des del Departament d\u2019Educaci\u00f3, i dins del conjunt de mesures que vetllen pel benestar emocional de\u00a0 l\u2019alumnat s&#8217;ha preparat <strong>un q\u00fcestionari en col\u00b7laboraci\u00f3 amb el Departament de Salut i el Departament\u00a0 d\u2019Igualtat i Feminismes<\/strong> per con\u00e8ixer l\u2019impacte de la pand\u00e8mia en l\u2019alumnat pel que fa als h\u00e0bits\u00a0 relacionals, els h\u00e0bits de consum i el benestar emocional.\u00a0\u00a0Si coneixem l\u2019estat emocional dels nostres infants i joves davant d\u2019aquest context pand\u00e8mic que\u00a0 estem vivint, podrem dissenyar i planificar noves mesures i noves actuacions per promoure el\u00a0 benestar de l\u2019alumnat i atendre\u2019n la salut mental.<\/p>\n<p>Aquest q\u00fcestionari s\u2019agrupa en cinc \u00e0mbits: benestar emocional, suport social i familiar, entorn\u00a0 escolar, viol\u00e8ncies, i ab\u00fas i depend\u00e8ncia. S\u2019adre\u00e7a a l\u2019alumnat escolaritzat de forma presencial a\u00a0 l\u2019\u00faltim cicle de l\u2019educaci\u00f3 prim\u00e0ria i a tota l\u2019etapa d\u2019educaci\u00f3 secund\u00e0ria obligat\u00f2ria, i a l\u2019alumnat\u00a0 d\u2019estudis postobligatoris.<\/p>\n<p>El q\u00fcestionari de benestar emocional \u00e9s en format digital i es preveu que l\u2019alumnat l\u2019autoempleni en\u00a0 l\u2019espai de la tutoria durant el tercer trimestre d\u2019aquest curs.\u00a0\u00a0<strong>Les dades es recolliran de manera an\u00f2nima (no s\u2019hi registraran dades personals),<\/strong> ja que l\u2019objectiu no\u00a0 \u00e9s la detecci\u00f3 individual, sin\u00f3 l\u2019avaluaci\u00f3 de l\u2019estat general de l\u2019alumnat.<\/p>\n<p>L\u2019an\u00e0lisi de les dades del q\u00fcestionari ens permetr\u00e0 prendre decisions sobre les mesures i les\u00a0 actuacions per planificar el Pla d\u2019abordatge del benestar de l\u2019alumnat.<\/p>\n<p>Per aquest motiu sol\u00b7licitem el consentiment per portar a terme aquest q\u00fcestionari mitjan\u00e7ant\u00a0 l<a href=\"https:\/\/drive.google.com\/file\/d\/1VBJFdNNTM5wZIw4kM50SOobnMPGxrlx0\/view?usp=sharing\">\u2019autoritzaci\u00f3 adjunta, que heu de retornar degudament signada<\/a> al tutor o tutora <strong>abans del dilluns 9 de maig.<\/strong><\/p>\n<p>Us agra\u00efm la vostra col\u00b7laboraci\u00f3, at\u00e8s que el treball conjunt de la fam\u00edlia i dels centres educatius \u00e9s\u00a0 clau per al benestar dels infants i joves del nostre pa\u00eds.<\/p>\n","protected":false},"excerpt":{"rendered":"<p><a href=\"https:\/\/agora.xtec.cat\/escolalavilapalamos\/wp-content\/uploads\/usu897\/2022\/05\/WhatsApp-Image-2022-05-04-at-14.02.44.jpeg\"><\/a>Des del Departament d\u2019Educaci\u00f3, i dins del conjunt de mesures que vetllen pel benestar emocional de\u00a0 l\u2019alumnat s&#8217;ha preparat un q\u00fcestionari en col\u00b7laboraci\u00f3 amb el Departament de Salut i el Departament\u00a0 d\u2019Igualtat i Feminismes per con\u00e8ixer l\u2019impacte de la pand\u00e8mia en l\u2019alumnat pel que&hellip;  <a href=\"https:\/\/agora.xtec.cat\/escolalavilapalamos\/general\/enquesta-de-benestar-emocional-als-alumnes-grans\/\" title=\"Read Enquesta de benestar emocional a les\/als alumnes de 5\u00e8 i 6\u00e8\">Llegeix m\u00e9s\u00bb<\/a><\/p>\n","protected":false},"author":1,"featured_media":11485,"comment_status":"open","ping_status":"closed","sticky":false,"template":"","format":"standard","meta":{"_bbp_topic_count":0,"_bbp_reply_count":0,"_bbp_total_topic_count":0,"_bbp_total_reply_count":0,"_bbp_voice_count":0,"_bbp_anonymous_reply_count":0,"_bbp_topic_count_hidden":0,"_bbp_reply_count_hidden":0,"_bbp_forum_subforum_count":0,"footnotes":""},"categories":[128,1,4],"tags":[],"class_list":["post-11484","post","type-post","status-publish","format-standard","has-post-thumbnail","hentry","category-comunitat-de-grans","category-general","category-portada"],"post_mailing_queue_ids":[],"_links":{"self":[{"href":"https:\/\/agora.xtec.cat\/escolalavilapalamos\/wp-json\/wp\/v2\/posts\/11484","targetHints":{"allow":["GET"]}}],"collection":[{"href":"https:\/\/agora.xtec.cat\/escolalavilapalamos\/wp-json\/wp\/v2\/posts"}],"about":[{"href":"https:\/\/agora.xtec.cat\/escolalavilapalamos\/wp-json\/wp\/v2\/types\/post"}],"author":[{"embeddable":true,"href":"https:\/\/agora.xtec.cat\/escolalavilapalamos\/wp-json\/wp\/v2\/users\/1"}],"replies":[{"embeddable":true,"href":"https:\/\/agora.xtec.cat\/escolalavilapalamos\/wp-json\/wp\/v2\/comments?post=11484"}],"version-history":[{"count":3,"href":"https:\/\/agora.xtec.cat\/escolalavilapalamos\/wp-json\/wp\/v2\/posts\/11484\/revisions"}],"predecessor-version":[{"id":11501,"href":"https:\/\/agora.xtec.cat\/escolalavilapalamos\/wp-json\/wp\/v2\/posts\/11484\/revisions\/11501"}],"wp:featuredmedia":[{"embeddable":true,"href":"https:\/\/agora.xtec.cat\/escolalavilapalamos\/wp-json\/wp\/v2\/media\/11485"}],"wp:attachment":[{"href":"https:\/\/agora.xtec.cat\/escolalavilapalamos\/wp-json\/wp\/v2\/media?parent=11484"}],"wp:term":[{"taxonomy":"category","embeddable":true,"href":"https:\/\/agora.xtec.cat\/escolalavilapalamos\/wp-json\/wp\/v2\/categories?post=11484"},{"taxonomy":"post_tag","embeddable":true,"href":"https:\/\/agora.xtec.cat\/escolalavilapalamos\/wp-json\/wp\/v2\/tags?post=11484"}],"curies":[{"name":"wp","href":"https:\/\/api.w.org\/{rel}","templated":true}]}}