{"id":11475,"date":"2022-05-05T00:25:18","date_gmt":"2022-05-04T22:25:18","guid":{"rendered":"https:\/\/agora.xtec.cat\/escolalavilapalamos\/?p=11475"},"modified":"2022-05-08T16:34:22","modified_gmt":"2022-05-08T14:34:22","slug":"sant-joan-florit-2022","status":"publish","type":"post","link":"https:\/\/agora.xtec.cat\/escolalavilapalamos\/general\/sant-joan-florit-2022\/","title":{"rendered":"Sant Joan Florit 2022"},"content":{"rendered":"<p><img loading=\"lazy\" decoding=\"async\" class=\"alignright wp-image-11476 \" src=\"https:\/\/agora.xtec.cat\/escolalavilapalamos\/wp-content\/uploads\/usu897\/2022\/05\/WhatsApp-Image-2022-05-04-at-14.04.44.jpeg\" alt=\"\" width=\"311\" height=\"447\" srcset=\"https:\/\/agora.xtec.cat\/escolalavilapalamos\/wp-content\/uploads\/usu897\/2022\/05\/WhatsApp-Image-2022-05-04-at-14.04.44.jpeg 715w, https:\/\/agora.xtec.cat\/escolalavilapalamos\/wp-content\/uploads\/usu897\/2022\/05\/WhatsApp-Image-2022-05-04-at-14.04.44-209x300.jpeg 209w, https:\/\/agora.xtec.cat\/escolalavilapalamos\/wp-content\/uploads\/usu897\/2022\/05\/WhatsApp-Image-2022-05-04-at-14.04.44-712x1024.jpeg 712w\" sizes=\"auto, (max-width: 311px) 100vw, 311px\" \/><strong>Diumenge 8 de maig es celebra a Sant Joan de Palam\u00f3s<\/strong> la diada Sant Joan florit. Carrers engalanats, espectacles i fira d&#8217;artesania. La nostra escola participa engalanant de primavera el carrer de l&#8217;Esgl\u00e9sia , a la paret de Can Sag\u00e0s.<\/p>\n<p><strong>Els nois i noies de 4t de l&#8217;escola han creat tota la decoraci\u00f3 de primavera per Sant Joan Florit. Esperem que us agradi !<\/strong><\/p>\n<p style=\"text-align: right;\"><a href=\"https:\/\/agora.xtec.cat\/escolalavilapalamos\/wp-content\/uploads\/usu897\/2022\/05\/IMG_20220508_154515.jpg\"><img loading=\"lazy\" decoding=\"async\" class=\"aligncenter size-medium wp-image-11503\" src=\"https:\/\/agora.xtec.cat\/escolalavilapalamos\/wp-content\/uploads\/usu897\/2022\/05\/IMG_20220508_154515-300x200.jpg\" alt=\"\" width=\"300\" height=\"200\" srcset=\"https:\/\/agora.xtec.cat\/escolalavilapalamos\/wp-content\/uploads\/usu897\/2022\/05\/IMG_20220508_154515-300x200.jpg 300w, https:\/\/agora.xtec.cat\/escolalavilapalamos\/wp-content\/uploads\/usu897\/2022\/05\/IMG_20220508_154515-1024x684.jpg 1024w, https:\/\/agora.xtec.cat\/escolalavilapalamos\/wp-content\/uploads\/usu897\/2022\/05\/IMG_20220508_154515-768x513.jpg 768w, https:\/\/agora.xtec.cat\/escolalavilapalamos\/wp-content\/uploads\/usu897\/2022\/05\/IMG_20220508_154515.jpg 1414w\" sizes=\"auto, (max-width: 300px) 100vw, 300px\" \/><\/a> <a href=\"https:\/\/agora.xtec.cat\/escolalavilapalamos\/wp-content\/uploads\/usu897\/2022\/05\/IMG-20220508-WA0004.jpg\"><img loading=\"lazy\" decoding=\"async\" class=\"aligncenter size-medium wp-image-11504\" src=\"https:\/\/agora.xtec.cat\/escolalavilapalamos\/wp-content\/uploads\/usu897\/2022\/05\/IMG-20220508-WA0004-300x225.jpg\" alt=\"\" width=\"300\" height=\"225\" srcset=\"https:\/\/agora.xtec.cat\/escolalavilapalamos\/wp-content\/uploads\/usu897\/2022\/05\/IMG-20220508-WA0004-300x225.jpg 300w, https:\/\/agora.xtec.cat\/escolalavilapalamos\/wp-content\/uploads\/usu897\/2022\/05\/IMG-20220508-WA0004-1024x769.jpg 1024w, https:\/\/agora.xtec.cat\/escolalavilapalamos\/wp-content\/uploads\/usu897\/2022\/05\/IMG-20220508-WA0004-768x576.jpg 768w, https:\/\/agora.xtec.cat\/escolalavilapalamos\/wp-content\/uploads\/usu897\/2022\/05\/IMG-20220508-WA0004-1536x1153.jpg 1536w, https:\/\/agora.xtec.cat\/escolalavilapalamos\/wp-content\/uploads\/usu897\/2022\/05\/IMG-20220508-WA0004-200x150.jpg 200w, https:\/\/agora.xtec.cat\/escolalavilapalamos\/wp-content\/uploads\/usu897\/2022\/05\/IMG-20220508-WA0004.jpg 2048w\" sizes=\"auto, (max-width: 300px) 100vw, 300px\" \/><\/a> <a href=\"https:\/\/agora.xtec.cat\/escolalavilapalamos\/wp-content\/uploads\/usu897\/2022\/05\/IMG-20220508-WA0002.jpg\"><img loading=\"lazy\" decoding=\"async\" class=\"aligncenter size-medium wp-image-11505\" src=\"https:\/\/agora.xtec.cat\/escolalavilapalamos\/wp-content\/uploads\/usu897\/2022\/05\/IMG-20220508-WA0002-300x225.jpg\" alt=\"\" width=\"300\" height=\"225\" srcset=\"https:\/\/agora.xtec.cat\/escolalavilapalamos\/wp-content\/uploads\/usu897\/2022\/05\/IMG-20220508-WA0002-300x225.jpg 300w, https:\/\/agora.xtec.cat\/escolalavilapalamos\/wp-content\/uploads\/usu897\/2022\/05\/IMG-20220508-WA0002-1024x769.jpg 1024w, https:\/\/agora.xtec.cat\/escolalavilapalamos\/wp-content\/uploads\/usu897\/2022\/05\/IMG-20220508-WA0002-768x576.jpg 768w, https:\/\/agora.xtec.cat\/escolalavilapalamos\/wp-content\/uploads\/usu897\/2022\/05\/IMG-20220508-WA0002-1536x1153.jpg 1536w, https:\/\/agora.xtec.cat\/escolalavilapalamos\/wp-content\/uploads\/usu897\/2022\/05\/IMG-20220508-WA0002-200x150.jpg 200w, https:\/\/agora.xtec.cat\/escolalavilapalamos\/wp-content\/uploads\/usu897\/2022\/05\/IMG-20220508-WA0002.jpg 2048w\" sizes=\"auto, (max-width: 300px) 100vw, 300px\" \/><\/a><\/p>\n<p>De les 10.00h a les 20.00h feu una passejada pel barri de Sant Joan, llu\u00eft amb catifes i ornaments de flors dels ve\u00efns que omplen patis, carrers i racons del barri vell de Sant Joan. Hi haur\u00e0 actuacions en directe, al llarg de tot el dia: &#8220;coros&#8221;, gospel, dansa, parades d&#8217;artesania en el centre hist\u00f2ric.<\/p>\n<p>Organitza: Associaci\u00f3 de ve\u00efns de Sant Joan<\/p>\n<p>M\u00e9s informaci\u00f3 Activitats. Pl\u00e0nol Sant Joan Florit<\/p>\n","protected":false},"excerpt":{"rendered":"<p>Diumenge 8 de maig es celebra a Sant Joan de Palam\u00f3s la diada Sant Joan florit. Carrers engalanats, espectacles i fira d&#8217;artesania. La nostra escola participa engalanant de primavera el carrer de l&#8217;Esgl\u00e9sia , a la paret de Can Sag\u00e0s.<br \/>\nEls nois i noies de 4t&hellip;  <a href=\"https:\/\/agora.xtec.cat\/escolalavilapalamos\/general\/sant-joan-florit-2022\/\" title=\"Read Sant Joan Florit 2022\">Llegeix m\u00e9s\u00bb<\/a><\/p>\n","protected":false},"author":1,"featured_media":11502,"comment_status":"open","ping_status":"closed","sticky":false,"template":"","format":"standard","meta":{"_bbp_topic_count":0,"_bbp_reply_count":0,"_bbp_total_topic_count":0,"_bbp_total_reply_count":0,"_bbp_voice_count":0,"_bbp_anonymous_reply_count":0,"_bbp_topic_count_hidden":0,"_bbp_reply_count_hidden":0,"_bbp_forum_subforum_count":0,"footnotes":""},"categories":[1,4],"tags":[],"class_list":["post-11475","post","type-post","status-publish","format-standard","has-post-thumbnail","hentry","category-general","category-portada"],"post_mailing_queue_ids":[],"_links":{"self":[{"href":"https:\/\/agora.xtec.cat\/escolalavilapalamos\/wp-json\/wp\/v2\/posts\/11475","targetHints":{"allow":["GET"]}}],"collection":[{"href":"https:\/\/agora.xtec.cat\/escolalavilapalamos\/wp-json\/wp\/v2\/posts"}],"about":[{"href":"https:\/\/agora.xtec.cat\/escolalavilapalamos\/wp-json\/wp\/v2\/types\/post"}],"author":[{"embeddable":true,"href":"https:\/\/agora.xtec.cat\/escolalavilapalamos\/wp-json\/wp\/v2\/users\/1"}],"replies":[{"embeddable":true,"href":"https:\/\/agora.xtec.cat\/escolalavilapalamos\/wp-json\/wp\/v2\/comments?post=11475"}],"version-history":[{"count":3,"href":"https:\/\/agora.xtec.cat\/escolalavilapalamos\/wp-json\/wp\/v2\/posts\/11475\/revisions"}],"predecessor-version":[{"id":11507,"href":"https:\/\/agora.xtec.cat\/escolalavilapalamos\/wp-json\/wp\/v2\/posts\/11475\/revisions\/11507"}],"wp:featuredmedia":[{"embeddable":true,"href":"https:\/\/agora.xtec.cat\/escolalavilapalamos\/wp-json\/wp\/v2\/media\/11502"}],"wp:attachment":[{"href":"https:\/\/agora.xtec.cat\/escolalavilapalamos\/wp-json\/wp\/v2\/media?parent=11475"}],"wp:term":[{"taxonomy":"category","embeddable":true,"href":"https:\/\/agora.xtec.cat\/escolalavilapalamos\/wp-json\/wp\/v2\/categories?post=11475"},{"taxonomy":"post_tag","embeddable":true,"href":"https:\/\/agora.xtec.cat\/escolalavilapalamos\/wp-json\/wp\/v2\/tags?post=11475"}],"curies":[{"name":"wp","href":"https:\/\/api.w.org\/{rel}","templated":true}]}}