{"id":11466,"date":"2022-04-29T19:11:22","date_gmt":"2022-04-29T17:11:22","guid":{"rendered":"https:\/\/agora.xtec.cat\/escolalavilapalamos\/?p=11466"},"modified":"2022-05-03T19:17:16","modified_gmt":"2022-05-03T17:17:16","slug":"casals-destiu-municipals-2022","status":"publish","type":"post","link":"https:\/\/agora.xtec.cat\/escolalavilapalamos\/general\/casals-destiu-municipals-2022\/","title":{"rendered":"Casals d&#8217;estiu municipals 2022"},"content":{"rendered":"<p><a href=\"https:\/\/agora.xtec.cat\/escolalavilapalamos\/wp-content\/uploads\/usu897\/2022\/05\/Flyer-A5-CASALEt_2022-1083x1536-1.jpg\"><img loading=\"lazy\" decoding=\"async\" class=\" wp-image-11467 alignright\" src=\"https:\/\/agora.xtec.cat\/escolalavilapalamos\/wp-content\/uploads\/usu897\/2022\/05\/Flyer-A5-CASALEt_2022-1083x1536-1-212x300.jpg\" alt=\"\" width=\"268\" height=\"379\" srcset=\"https:\/\/agora.xtec.cat\/escolalavilapalamos\/wp-content\/uploads\/usu897\/2022\/05\/Flyer-A5-CASALEt_2022-1083x1536-1-212x300.jpg 212w, https:\/\/agora.xtec.cat\/escolalavilapalamos\/wp-content\/uploads\/usu897\/2022\/05\/Flyer-A5-CASALEt_2022-1083x1536-1-722x1024.jpg 722w, https:\/\/agora.xtec.cat\/escolalavilapalamos\/wp-content\/uploads\/usu897\/2022\/05\/Flyer-A5-CASALEt_2022-1083x1536-1-768x1089.jpg 768w, https:\/\/agora.xtec.cat\/escolalavilapalamos\/wp-content\/uploads\/usu897\/2022\/05\/Flyer-A5-CASALEt_2022-1083x1536-1.jpg 1083w\" sizes=\"auto, (max-width: 268px) 100vw, 268px\" \/><\/a>El proper estiu Palam\u00f3s gaudir\u00e0 de dos casals, <strong>el <em>Casal d&#8217;estiu<\/em><\/strong> i <strong>el <em>Casal esportiu<\/em><\/strong>. Ambd\u00f3s es portaran a terme de l&#8217;1 de juliol al 31 d&#8217;agost. Horari de 9 a 13 h.<\/p>\n<p>El <em>casal d&#8217;estiu<\/em> est\u00e0 adre\u00e7at a nens i nenes nascuts del 2010 al 2018 i <em>el casal esportiu<\/em> a nois i noies nascuts del 2010 al 2015. Hi ha servei de menjador (13 a 15h), acollida matinal (8 a 9 h) i acollida de tarda (de 15 a 17h)<\/p>\n<p>Pre-inscripcions del 9 al 13 de maig pel formulari online <a href=\"http:\/\/www.palamos.cat\/casals\">www.palamos.cat\/casals<\/a>. El 23 de maig es confirmar\u00e0 l&#8217;assignaci\u00f3 de places per email.<\/p>\n<p><a href=\"http:\/\/www.palamosjove.cat\/casal-municipal-destiu-2022\/\">Us podeu descarregar la informaci\u00f3 aqu\u00ed.<\/a> <strong>Reuni\u00f3 informativa el dimarts 28 de juny per plataforma zoom.<\/strong> Rebreu invitaci\u00f3 per correu electr\u00f2nic<\/p>\n<p>M\u00e9s informaci\u00f3 al Punt Jove Palam\u00f3s. Departament de Joventut C\/ D\u00eddac Garrell, 10 &#8211; 1r 17230 Palam\u00f3s. Tel\u00e8fon 972313739 <a href=\"mailto:espai.jove@palamos.cat\">espai.jove@palamos.cat<\/a>\u00a0 <a href=\"mailto:joventut@palamos.cat\">joventut@palamos.cat<\/a><\/p>\n<p>&nbsp;<\/p>\n","protected":false},"excerpt":{"rendered":"<p><a href=\"https:\/\/agora.xtec.cat\/escolalavilapalamos\/wp-content\/uploads\/usu897\/2022\/05\/Flyer-A5-CASALEt_2022-1083x1536-1.jpg\"><\/a>El proper estiu Palam\u00f3s gaudir\u00e0 de dos casals, el Casal d&#8217;estiu i el Casal esportiu. Ambd\u00f3s es portaran a terme de l&#8217;1 de juliol al 31 d&#8217;agost. Horari de 9 a 13 h.<br \/>\nEl casal d&#8217;estiu est\u00e0 adre\u00e7at a nens i nenes nascuts del 2010&hellip;  <a href=\"https:\/\/agora.xtec.cat\/escolalavilapalamos\/general\/casals-destiu-municipals-2022\/\" title=\"Read Casals d&#8217;estiu municipals 2022\">Llegeix m\u00e9s\u00bb<\/a><\/p>\n","protected":false},"author":1,"featured_media":11467,"comment_status":"open","ping_status":"closed","sticky":false,"template":"","format":"standard","meta":{"_bbp_topic_count":0,"_bbp_reply_count":0,"_bbp_total_topic_count":0,"_bbp_total_reply_count":0,"_bbp_voice_count":0,"_bbp_anonymous_reply_count":0,"_bbp_topic_count_hidden":0,"_bbp_reply_count_hidden":0,"_bbp_forum_subforum_count":0,"footnotes":""},"categories":[7,1,4],"tags":[],"class_list":["post-11466","post","type-post","status-publish","format-standard","has-post-thumbnail","hentry","category-ampa","category-general","category-portada"],"post_mailing_queue_ids":[],"_links":{"self":[{"href":"https:\/\/agora.xtec.cat\/escolalavilapalamos\/wp-json\/wp\/v2\/posts\/11466","targetHints":{"allow":["GET"]}}],"collection":[{"href":"https:\/\/agora.xtec.cat\/escolalavilapalamos\/wp-json\/wp\/v2\/posts"}],"about":[{"href":"https:\/\/agora.xtec.cat\/escolalavilapalamos\/wp-json\/wp\/v2\/types\/post"}],"author":[{"embeddable":true,"href":"https:\/\/agora.xtec.cat\/escolalavilapalamos\/wp-json\/wp\/v2\/users\/1"}],"replies":[{"embeddable":true,"href":"https:\/\/agora.xtec.cat\/escolalavilapalamos\/wp-json\/wp\/v2\/comments?post=11466"}],"version-history":[{"count":2,"href":"https:\/\/agora.xtec.cat\/escolalavilapalamos\/wp-json\/wp\/v2\/posts\/11466\/revisions"}],"predecessor-version":[{"id":11469,"href":"https:\/\/agora.xtec.cat\/escolalavilapalamos\/wp-json\/wp\/v2\/posts\/11466\/revisions\/11469"}],"wp:featuredmedia":[{"embeddable":true,"href":"https:\/\/agora.xtec.cat\/escolalavilapalamos\/wp-json\/wp\/v2\/media\/11467"}],"wp:attachment":[{"href":"https:\/\/agora.xtec.cat\/escolalavilapalamos\/wp-json\/wp\/v2\/media?parent=11466"}],"wp:term":[{"taxonomy":"category","embeddable":true,"href":"https:\/\/agora.xtec.cat\/escolalavilapalamos\/wp-json\/wp\/v2\/categories?post=11466"},{"taxonomy":"post_tag","embeddable":true,"href":"https:\/\/agora.xtec.cat\/escolalavilapalamos\/wp-json\/wp\/v2\/tags?post=11466"}],"curies":[{"name":"wp","href":"https:\/\/api.w.org\/{rel}","templated":true}]}}