{"id":11458,"date":"2022-05-03T11:51:44","date_gmt":"2022-05-03T09:51:44","guid":{"rendered":"https:\/\/agora.xtec.cat\/escolalavilapalamos\/?p=11458"},"modified":"2022-05-03T11:51:44","modified_gmt":"2022-05-03T09:51:44","slug":"acompanyem-als-adolescents-en-lus-de-pantalles","status":"publish","type":"post","link":"https:\/\/agora.xtec.cat\/escolalavilapalamos\/portada\/acompanyem-als-adolescents-en-lus-de-pantalles\/","title":{"rendered":"Acompanyem als adolescents en l&#8217;\u00fas de pantalles"},"content":{"rendered":"<div id=\"m_1954997384076267765divRplyFwdMsg\" dir=\"ltr\">\n<div style=\"text-align: left;\"><\/div>\n<p style=\"text-align: left;\"><img loading=\"lazy\" decoding=\"async\" class=\"size-medium wp-image-11459 alignright\" src=\"https:\/\/agora.xtec.cat\/escolalavilapalamos\/wp-content\/uploads\/usu897\/2022\/05\/U\u0301s-de-les-pantalles-300x213.png\" alt=\"\" width=\"300\" height=\"213\" srcset=\"https:\/\/agora.xtec.cat\/escolalavilapalamos\/wp-content\/uploads\/usu897\/2022\/05\/U\u0301s-de-les-pantalles-300x213.png 300w, https:\/\/agora.xtec.cat\/escolalavilapalamos\/wp-content\/uploads\/usu897\/2022\/05\/U\u0301s-de-les-pantalles-768x545.png 768w, https:\/\/agora.xtec.cat\/escolalavilapalamos\/wp-content\/uploads\/usu897\/2022\/05\/U\u0301s-de-les-pantalles.png 1024w\" sizes=\"auto, (max-width: 300px) 100vw, 300px\" \/>Des del <strong>Sigues tu en fam\u00edlia<\/strong>, oferim c\u00e0psules formatives ONLINE per a fam\u00edlies. <span lang=\"CA\">Ens posem en conta<\/span><span lang=\"CA\">cte\u00a0<\/span><span lang=\"CA\">a<\/span><span lang=\"CA\">mb vosaltres doncs, per presentar-vos\u00a0la\u00a0<strong>c\u00e0psula sobre \u00fas de pantalles<\/strong>\u00a0que estem duent a terme aquest trimestre.<\/span><\/p>\n<\/div>\n<div dir=\"ltr\">\n<p>Quan les pantalles entren a les vides dels nostres fills i filles, tot s\u00f3n preguntes: A quina edat li compro un m\u00f2bil? Quanta estona \u00e9s normal que passi amb els e-jocs? Hi ha tants riscos com diuen? Per qu\u00e8 s\u2019han convertit en una font de conflicte? En aquesta xerrada-taller es plantegen i treballen situacions quotidianes de casa relacionades amb el m\u00f2bil, l\u2019ordinador, les e-xarxes o els e-jocs. S\u2019exposen els usos, els mals usos i\/o usos problem\u00e0tics de les pantalles i les aplicacions 2.0.<\/p>\n<p><strong>Dates i horari de les properes sessions:\u00a05, 12, 16, 26 i 31 de maig, 2, 6, i 9 de juny de 2022; de 18h a 19:30h.<\/strong><\/p>\n<p>EdPac\u00a0(Associaci\u00f3 Educaci\u00f3 per a l&#8217;Acci\u00f3 Cr\u00edtica) \u00e9s una entitat\u00a0especialitzada en la tasca educativa en els \u00e0mbits de drogues, pantalles i consum cr\u00edtic\u00a0amb 13 anys d&#8217;experi\u00e8ncia en tallers, teatres educatius, formacions i xerrades amb l&#8217;objectiu de generar espais de reflexi\u00f3 cr\u00edtica per a la promoci\u00f3 de la salut individual i social.<\/p>\n<p>Les persones interessades es poden inscriure individualment a la sessi\u00f3 que vulguin, nom\u00e9s han d&#8217;omplir el formulari a:\u00a0<strong><a title=\"https:\/\/www.siguestu.cat\/ca\/inscripcions-on-line.html\" href=\"https:\/\/www.siguestu.cat\/ca\/inscripcions-on-line.html\" target=\"_blank\" rel=\"noopener\" data-saferedirecturl=\"https:\/\/www.google.com\/url?q=https:\/\/www.siguestu.cat\/ca\/inscripcions-on-line.html&amp;source=gmail&amp;ust=1651650889113000&amp;usg=AOvVaw0neluG4eWqzH3yhdONdBMn\">INSCRIPCIONS<\/a><\/strong>.<\/p>\n<p><a href=\"https:\/\/tokapp.com\/url\/fnmo1rqs\">Tota la informaci\u00f3 la trobareu aqu\u00ed\u00a0<\/a><\/p>\n<p><span lang=\"CA\">En\u00a0<\/span><span lang=\"CA\">a<\/span><span lang=\"CA\">questes sessions es donen<\/span><span lang=\"CA\"><strong>\u00a0recursos i eines\u00a0<\/strong><\/span><span lang=\"CA\">que serveixin\u00a0<\/span><span lang=\"CA\">per<\/span><span lang=\"CA\">\u00a0establir\u00a0<\/span><span lang=\"CA\"><strong>normes i l\u00edmits<\/strong><\/span><span lang=\"CA\">\u00a0on totes les parts es sentin reconegudes, obrir\u00a0<\/span><span lang=\"CA\"><strong>canals de comunicaci\u00f3<\/strong><\/span><span lang=\"CA\">\u00a0i, en definitiva,\u00a0<\/span><span lang=\"CA\"><strong>millorar el clima familiar.\u00a0<\/strong><\/span><span lang=\"CA\">Pensem que el tema de l&#8217;\u00fas de pantalles \u00e9s d&#8217;especial inter\u00e8s i preocupci\u00f3 per a les fam\u00edlies. <\/span><\/p>\n<p><span lang=\"CA\">S\u00f3n<\/span><span lang=\"CA\"><strong>\u00a0sessions gratu\u00eftes<\/strong><\/span><span lang=\"CA\">, subvencionades\u00a0<\/span><span lang=\"CA\">per<\/span><span lang=\"CA\">\u00a0<\/span><span lang=\"CA\">Dipsalut<\/span><span lang=\"CA\">.<\/span><span lang=\"CA\"><br \/>\n<\/span><\/p>\n<\/div>\n","protected":false},"excerpt":{"rendered":"<p>Des del Sigues tu en fam\u00edlia, oferim c\u00e0psules formatives ONLINE per a fam\u00edlies. Ens posem en contacte\u00a0amb vosaltres doncs, per presentar-vos\u00a0la\u00a0c\u00e0psula sobre \u00fas de pantalles\u00a0que estem duent a terme aquest trimestre.<\/p>\n<p>Quan les pantalles entren a les vides dels nostres fills i filles, tot s\u00f3n preguntes:&hellip;  <a href=\"https:\/\/agora.xtec.cat\/escolalavilapalamos\/portada\/acompanyem-als-adolescents-en-lus-de-pantalles\/\" title=\"Read Acompanyem als adolescents en l&#8217;\u00fas de pantalles\">Llegeix m\u00e9s\u00bb<\/a><\/p>\n","protected":false},"author":1,"featured_media":11459,"comment_status":"open","ping_status":"closed","sticky":false,"template":"","format":"standard","meta":{"_bbp_topic_count":0,"_bbp_reply_count":0,"_bbp_total_topic_count":0,"_bbp_total_reply_count":0,"_bbp_voice_count":0,"_bbp_anonymous_reply_count":0,"_bbp_topic_count_hidden":0,"_bbp_reply_count_hidden":0,"_bbp_forum_subforum_count":0,"footnotes":""},"categories":[7,128,4],"tags":[],"class_list":["post-11458","post","type-post","status-publish","format-standard","has-post-thumbnail","hentry","category-ampa","category-comunitat-de-grans","category-portada"],"post_mailing_queue_ids":[],"_links":{"self":[{"href":"https:\/\/agora.xtec.cat\/escolalavilapalamos\/wp-json\/wp\/v2\/posts\/11458","targetHints":{"allow":["GET"]}}],"collection":[{"href":"https:\/\/agora.xtec.cat\/escolalavilapalamos\/wp-json\/wp\/v2\/posts"}],"about":[{"href":"https:\/\/agora.xtec.cat\/escolalavilapalamos\/wp-json\/wp\/v2\/types\/post"}],"author":[{"embeddable":true,"href":"https:\/\/agora.xtec.cat\/escolalavilapalamos\/wp-json\/wp\/v2\/users\/1"}],"replies":[{"embeddable":true,"href":"https:\/\/agora.xtec.cat\/escolalavilapalamos\/wp-json\/wp\/v2\/comments?post=11458"}],"version-history":[{"count":1,"href":"https:\/\/agora.xtec.cat\/escolalavilapalamos\/wp-json\/wp\/v2\/posts\/11458\/revisions"}],"predecessor-version":[{"id":11460,"href":"https:\/\/agora.xtec.cat\/escolalavilapalamos\/wp-json\/wp\/v2\/posts\/11458\/revisions\/11460"}],"wp:featuredmedia":[{"embeddable":true,"href":"https:\/\/agora.xtec.cat\/escolalavilapalamos\/wp-json\/wp\/v2\/media\/11459"}],"wp:attachment":[{"href":"https:\/\/agora.xtec.cat\/escolalavilapalamos\/wp-json\/wp\/v2\/media?parent=11458"}],"wp:term":[{"taxonomy":"category","embeddable":true,"href":"https:\/\/agora.xtec.cat\/escolalavilapalamos\/wp-json\/wp\/v2\/categories?post=11458"},{"taxonomy":"post_tag","embeddable":true,"href":"https:\/\/agora.xtec.cat\/escolalavilapalamos\/wp-json\/wp\/v2\/tags?post=11458"}],"curies":[{"name":"wp","href":"https:\/\/api.w.org\/{rel}","templated":true}]}}