{"id":11447,"date":"2022-05-02T07:00:37","date_gmt":"2022-05-02T05:00:37","guid":{"rendered":"https:\/\/agora.xtec.cat\/escolalavilapalamos\/?p=11447"},"modified":"2022-05-06T10:21:22","modified_gmt":"2022-05-06T08:21:22","slug":"beques-de-menjador-pel-curs-2022-23","status":"publish","type":"post","link":"https:\/\/agora.xtec.cat\/escolalavilapalamos\/general\/beques-de-menjador-pel-curs-2022-23\/","title":{"rendered":"Beques de menjador pel curs 2022-23"},"content":{"rendered":"<header class=\"entry-header\"><\/header>\n<div class=\"entry-content\">\n<p>S\u2019obre el per\u00edode per <strong>sol\u00b7licitar ajut econ\u00f2mic individual pel menjador escolar del curs 2022-23. <\/strong><a href=\"https:\/\/www.baixemporda.cat\/ca\/carta-de-serveis\/ensenyament\/ajuts-economics\/ajuts-menjador\/\">Clica aqu\u00ed per informar-te<\/a><a href=\"https:\/\/view.genial.ly\/603f70b0a46b760d7b96f02d\/horizontal-infographic-diagrams-infografia-ajuts-economics-individuals-de-menjador-curs-21-22\"><img loading=\"lazy\" decoding=\"async\" class=\"alignright\" src=\"http:\/\/dreamicus.com\/data\/apple\/apple-06.jpg\" width=\"223\" height=\"254\" \/><\/a><\/p>\n<p>Trobareu <a href=\"https:\/\/drive.google.com\/file\/d\/1LyGtZpBYKjZL_klgj2TeAxlQdvc2tq16\/view?usp=sharing\">les bases i informaci\u00f3 de la convocat\u00f2ria aqu\u00ed<\/a>. L&#8217;ajut atorgat ser\u00e0 del 70 o del 100 % del preu del men\u00fa en funci\u00f3 de la puntuaci\u00f3 obtinguda. L&#8217;import de l&#8217;ajut no ser\u00e0 mai superior al preu m\u00e0xim de la prestaci\u00f3 del servei escolar de menjador que determina, per a cada curs escolar, el Departament d&#8217;Educaci\u00f3 de la Generalitat.<\/p>\n<p><strong>Aquest curs les sol\u00b7licituds de beques de menjador s&#8217;han de tramitar telem\u00e0ticament.<\/strong> La tramitaci\u00f3 no es fa a les escoles. <span lang=\"CA\"><a href=\"https:\/\/drive.google.com\/file\/d\/1BDyQcGiYPXFjU8zsVuIrYHUTmTq8llQj\/view?usp=sharing\">Guia per tramitar la sol\u00b7licitud de l\u2019ajut de menjador telem\u00e0ticament<\/a> <\/span><\/p>\n<p>No saps l&#8217;idalu del teu fill\/a ? <a href=\"https:\/\/educacio.gencat.cat\/ca\/tramits\/tramits-temes\/identificador-alumne\">consulta aqu\u00ed el n\u00famero d&#8217;idalu<\/a><\/p>\n<p><span lang=\"CA\"><strong>Presencialment (amb cita pr\u00e8via) A l\u2019Oficina d\u2019Assist\u00e8ncia en Mat\u00e8ria de Registre (OAMR)<\/strong><br \/>\nConsell Comarcal del Baix Empord\u00e0<br \/>\nC. Tarongers, 12 &#8211; 17100 La Bisbal d\u2019Empord\u00e0<br \/>\nDe dilluns a divendres de 9 a 14 h.<em><br \/>\n<\/em><\/span><\/p>\n<p>Per a\u00a0<strong><u>consultes i suport en el tr\u00e0mit de la sol\u00b7licitud de l\u2019ajut<\/u><\/strong>:<\/p>\n<ul>\n<li><strong>Adre\u00e7a electr\u00f2nica<\/strong>:\u00a0<a href=\"mailto:ajutsmenjador@baixemporda.cat\">ajutsmenjador@baixemporda.cat<\/a><\/li>\n<li><strong>Cita pr\u00e8via assessorament telef\u00f2nic o presencial<\/strong>: Heu de seleccionar l\u2019\u00c0rea d\u2019Ensenyament del seg\u00fcent enlla\u00e7\u00a0<a href=\"https:\/\/baixemporda.eadministracio.cat\/citaprevia.1\" data-saferedirecturl=\"https:\/\/www.google.com\/url?q=https:\/\/baixemporda.eadministracio.cat\/citaprevia.1&amp;source=gmail&amp;ust=1651650901243000&amp;usg=AOvVaw17puQQRylFBZv9-prMiwHR\">https:\/\/baixemporda.eadministracio.cat\/citaprevia.1<\/a><\/li>\n<li><strong>Tel\u00e8fon de l\u2019\u00c0rea:\u00a0<\/strong>972 64 55 59. L\u2019horari d\u2019atenci\u00f3 telef\u00f2nica de l\u2019\u00c0rea d\u2019Ensenyament \u00e9s de dimarts a divendres, de les 9 a les 14 h.\u00a0<u>Els dilluns no hi ha atenci\u00f3 al p\u00fablic<\/u>.<\/li>\n<\/ul>\n<p>Per sol\u00b7licitar l\u2019ajut econ\u00f2mic cal que repasseu la renda anual de la unitat familiar de l\u2019any 2021.<\/p>\n<p><strong>El per\u00edode per presentar la sol\u00b7licitud \u00e9s del dilluns 2 de maig a les 8h fins el 31 de maig de 2022 a les 14h (ambd\u00f3s inclosos). <\/strong><em>Per a l\u2019alumnat que hagi de comen\u00e7ar P3 i de nova matr\u00edcula podran demanar la beca en per\u00edode de matriculaci\u00f3 a finals de juny<br \/>\n<\/em><\/p>\n<p>Les sol\u00b7licitants que acreditin situacions de risc social, hauran de tramitar la seva sol\u00b7licitud a trav\u00e9s dels serveis socials de Palam\u00f3s. Acci\u00f3 Social i Ciutadania C\/ Mn. Cinto Verdaguer 12 Palam\u00f3s. Horari d\u2019atenci\u00f3 al p\u00fablic: de dilluns a divendres de 10 a 14 h <a href=\"mailto:serveissocials@palamos.cat\">serveissocials@palamos.cat<\/a><\/p>\n<\/div>\n","protected":false},"excerpt":{"rendered":"<p>S\u2019obre el per\u00edode per sol\u00b7licitar ajut econ\u00f2mic individual pel menjador escolar del curs 2022-23. <a href=\"https:\/\/www.baixemporda.cat\/ca\/carta-de-serveis\/ensenyament\/ajuts-economics\/ajuts-menjador\/\">Clica aqu\u00ed per informar-te<\/a><a href=\"https:\/\/view.genial.ly\/603f70b0a46b760d7b96f02d\/horizontal-infographic-diagrams-infografia-ajuts-economics-individuals-de-menjador-curs-21-22\"><\/a><br \/>\nTrobareu <a href=\"https:\/\/drive.google.com\/file\/d\/1LyGtZpBYKjZL_klgj2TeAxlQdvc2tq16\/view?usp=sharing\">les bases i informaci\u00f3 de la convocat\u00f2ria aqu\u00ed<\/a>. L&#8217;ajut atorgat ser\u00e0 del 70 o del 100 % del preu del men\u00fa en funci\u00f3 de&hellip;  <a href=\"https:\/\/agora.xtec.cat\/escolalavilapalamos\/general\/beques-de-menjador-pel-curs-2022-23\/\" title=\"Read Beques de menjador pel curs 2022-23\">Llegeix m\u00e9s\u00bb<\/a><\/p>\n","protected":false},"author":1,"featured_media":1413,"comment_status":"open","ping_status":"closed","sticky":false,"template":"","format":"standard","meta":{"_bbp_topic_count":0,"_bbp_reply_count":0,"_bbp_total_topic_count":0,"_bbp_total_reply_count":0,"_bbp_voice_count":0,"_bbp_anonymous_reply_count":0,"_bbp_topic_count_hidden":0,"_bbp_reply_count_hidden":0,"_bbp_forum_subforum_count":0,"footnotes":""},"categories":[2,1,4],"tags":[],"class_list":["post-11447","post","type-post","status-publish","format-standard","has-post-thumbnail","hentry","category-infantil","category-general","category-portada"],"post_mailing_queue_ids":[],"_links":{"self":[{"href":"https:\/\/agora.xtec.cat\/escolalavilapalamos\/wp-json\/wp\/v2\/posts\/11447","targetHints":{"allow":["GET"]}}],"collection":[{"href":"https:\/\/agora.xtec.cat\/escolalavilapalamos\/wp-json\/wp\/v2\/posts"}],"about":[{"href":"https:\/\/agora.xtec.cat\/escolalavilapalamos\/wp-json\/wp\/v2\/types\/post"}],"author":[{"embeddable":true,"href":"https:\/\/agora.xtec.cat\/escolalavilapalamos\/wp-json\/wp\/v2\/users\/1"}],"replies":[{"embeddable":true,"href":"https:\/\/agora.xtec.cat\/escolalavilapalamos\/wp-json\/wp\/v2\/comments?post=11447"}],"version-history":[{"count":3,"href":"https:\/\/agora.xtec.cat\/escolalavilapalamos\/wp-json\/wp\/v2\/posts\/11447\/revisions"}],"predecessor-version":[{"id":11495,"href":"https:\/\/agora.xtec.cat\/escolalavilapalamos\/wp-json\/wp\/v2\/posts\/11447\/revisions\/11495"}],"wp:featuredmedia":[{"embeddable":true,"href":"https:\/\/agora.xtec.cat\/escolalavilapalamos\/wp-json\/wp\/v2\/media\/1413"}],"wp:attachment":[{"href":"https:\/\/agora.xtec.cat\/escolalavilapalamos\/wp-json\/wp\/v2\/media?parent=11447"}],"wp:term":[{"taxonomy":"category","embeddable":true,"href":"https:\/\/agora.xtec.cat\/escolalavilapalamos\/wp-json\/wp\/v2\/categories?post=11447"},{"taxonomy":"post_tag","embeddable":true,"href":"https:\/\/agora.xtec.cat\/escolalavilapalamos\/wp-json\/wp\/v2\/tags?post=11447"}],"curies":[{"name":"wp","href":"https:\/\/api.w.org\/{rel}","templated":true}]}}