{"id":11402,"date":"2022-04-25T23:42:26","date_gmt":"2022-04-25T21:42:26","guid":{"rendered":"https:\/\/agora.xtec.cat\/escolalavilapalamos\/?p=11402"},"modified":"2022-04-26T23:48:50","modified_gmt":"2022-04-26T21:48:50","slug":"l-escola-la-vila-al-tn-de-televisio-de-catalunya","status":"publish","type":"post","link":"https:\/\/agora.xtec.cat\/escolalavilapalamos\/general\/l-escola-la-vila-al-tn-de-televisio-de-catalunya\/","title":{"rendered":"L&#8217; Escola La Vila al TN de Televisi\u00f3 de Catalunya"},"content":{"rendered":"<div data-block=\"true\" data-editor=\"2jchq\" data-offset-key=\"5n0ua-0-0\">\n<p data-offset-key=\"5n0ua-0-0\"><a href=\"https:\/\/agora.xtec.cat\/escolalavilapalamos\/wp-content\/uploads\/usu897\/2022\/04\/WhatsApp-Image-2022-04-25-at-16.28.27.jpeg\"><img loading=\"lazy\" decoding=\"async\" class=\"wp-image-11405 alignright\" src=\"https:\/\/agora.xtec.cat\/escolalavilapalamos\/wp-content\/uploads\/usu897\/2022\/04\/WhatsApp-Image-2022-04-25-at-16.28.27-300x169.jpeg\" alt=\"\" width=\"343\" height=\"193\" srcset=\"https:\/\/agora.xtec.cat\/escolalavilapalamos\/wp-content\/uploads\/usu897\/2022\/04\/WhatsApp-Image-2022-04-25-at-16.28.27-300x169.jpeg 300w, https:\/\/agora.xtec.cat\/escolalavilapalamos\/wp-content\/uploads\/usu897\/2022\/04\/WhatsApp-Image-2022-04-25-at-16.28.27-1024x576.jpeg 1024w, https:\/\/agora.xtec.cat\/escolalavilapalamos\/wp-content\/uploads\/usu897\/2022\/04\/WhatsApp-Image-2022-04-25-at-16.28.27-768x432.jpeg 768w, https:\/\/agora.xtec.cat\/escolalavilapalamos\/wp-content\/uploads\/usu897\/2022\/04\/WhatsApp-Image-2022-04-25-at-16.28.27-1536x864.jpeg 1536w, https:\/\/agora.xtec.cat\/escolalavilapalamos\/wp-content\/uploads\/usu897\/2022\/04\/WhatsApp-Image-2022-04-25-at-16.28.27.jpeg 2000w\" sizes=\"auto, (max-width: 343px) 100vw, 343px\" \/><\/a>Aquest mat\u00ed, l&#8217;equip de Girona de TV3 ha vingut a l&#8217;escola per gravar diferents espais d&#8217; aprenentatge.<\/p>\n<\/div>\n<div data-offset-key=\"9gllo-0-0\">A les not\u00edcies es presenta la nova publicaci\u00f3 <a href=\"https:\/\/agora.xtec.cat\/escolalavilapalamos\/wp-content\/uploads\/usu897\/2022\/04\/WhatsApp-Image-2022-04-25-at-16.36.50.jpeg\"><strong>Nous Aprenentatges, nous espais<\/strong><\/a> que ha fet el Departament d&#8217; Educaci\u00f3 sobre la construcci\u00f3 de nous edificis escolars pensats en l&#8217; aprenentatge competencial i globalitzat i en entendre tots els espais del centre com espais d&#8217; aprenentatge.<\/div>\n<div data-offset-key=\"9gllo-0-0\"><\/div>\n<div data-offset-key=\"8i1fn-0-0\">La nostra escola t\u00e9 una manera pr\u00f2pia d&#8217; organitzar els espais i aquesta \u00e9s la intenci\u00f3 del reportatge del TN.<\/div>\n<div data-offset-key=\"8i1fn-0-0\"><\/div>\n<div data-offset-key=\"8i1fn-0-0\"><iframe loading=\"lazy\" src=\"https:\/\/www.ccma.cat\/video\/embed\/6155813\/\" width=\"500px\" height=\"281px\" frameborder=\"0\" scrolling=\"no\" allowfullscreen=\"allowfullscreen\"><\/iframe><\/div>\n<div data-offset-key=\"8i1fn-0-0\"><\/div>\n","protected":false},"excerpt":{"rendered":"<p><a href=\"https:\/\/agora.xtec.cat\/escolalavilapalamos\/wp-content\/uploads\/usu897\/2022\/04\/WhatsApp-Image-2022-04-25-at-16.28.27.jpeg\"><\/a>Aquest mat\u00ed, l&#8217;equip de Girona de TV3 ha vingut a l&#8217;escola per gravar diferents espais d&#8217; aprenentatge.<\/p>\n<p>A les not\u00edcies es presenta la nova publicaci\u00f3 <a href=\"https:\/\/agora.xtec.cat\/escolalavilapalamos\/wp-content\/uploads\/usu897\/2022\/04\/WhatsApp-Image-2022-04-25-at-16.36.50.jpeg\">Nous Aprenentatges, nous espais<\/a> que ha fet el Departament d&#8217; Educaci\u00f3 sobre la construcci\u00f3 de nous edificis escolars pensats&hellip;  <a href=\"https:\/\/agora.xtec.cat\/escolalavilapalamos\/general\/l-escola-la-vila-al-tn-de-televisio-de-catalunya\/\" title=\"Read L&#8217; Escola La Vila al TN de Televisi\u00f3 de Catalunya\">Llegeix m\u00e9s\u00bb<\/a><\/p>\n","protected":false},"author":1,"featured_media":11405,"comment_status":"open","ping_status":"closed","sticky":false,"template":"","format":"standard","meta":{"_bbp_topic_count":0,"_bbp_reply_count":0,"_bbp_total_topic_count":0,"_bbp_total_reply_count":0,"_bbp_voice_count":0,"_bbp_anonymous_reply_count":0,"_bbp_topic_count_hidden":0,"_bbp_reply_count_hidden":0,"_bbp_forum_subforum_count":0,"footnotes":""},"categories":[1,4],"tags":[],"class_list":["post-11402","post","type-post","status-publish","format-standard","has-post-thumbnail","hentry","category-general","category-portada"],"post_mailing_queue_ids":[],"_links":{"self":[{"href":"https:\/\/agora.xtec.cat\/escolalavilapalamos\/wp-json\/wp\/v2\/posts\/11402","targetHints":{"allow":["GET"]}}],"collection":[{"href":"https:\/\/agora.xtec.cat\/escolalavilapalamos\/wp-json\/wp\/v2\/posts"}],"about":[{"href":"https:\/\/agora.xtec.cat\/escolalavilapalamos\/wp-json\/wp\/v2\/types\/post"}],"author":[{"embeddable":true,"href":"https:\/\/agora.xtec.cat\/escolalavilapalamos\/wp-json\/wp\/v2\/users\/1"}],"replies":[{"embeddable":true,"href":"https:\/\/agora.xtec.cat\/escolalavilapalamos\/wp-json\/wp\/v2\/comments?post=11402"}],"version-history":[{"count":2,"href":"https:\/\/agora.xtec.cat\/escolalavilapalamos\/wp-json\/wp\/v2\/posts\/11402\/revisions"}],"predecessor-version":[{"id":11407,"href":"https:\/\/agora.xtec.cat\/escolalavilapalamos\/wp-json\/wp\/v2\/posts\/11402\/revisions\/11407"}],"wp:featuredmedia":[{"embeddable":true,"href":"https:\/\/agora.xtec.cat\/escolalavilapalamos\/wp-json\/wp\/v2\/media\/11405"}],"wp:attachment":[{"href":"https:\/\/agora.xtec.cat\/escolalavilapalamos\/wp-json\/wp\/v2\/media?parent=11402"}],"wp:term":[{"taxonomy":"category","embeddable":true,"href":"https:\/\/agora.xtec.cat\/escolalavilapalamos\/wp-json\/wp\/v2\/categories?post=11402"},{"taxonomy":"post_tag","embeddable":true,"href":"https:\/\/agora.xtec.cat\/escolalavilapalamos\/wp-json\/wp\/v2\/tags?post=11402"}],"curies":[{"name":"wp","href":"https:\/\/api.w.org\/{rel}","templated":true}]}}