{"id":11390,"date":"2022-04-25T09:12:36","date_gmt":"2022-04-25T07:12:36","guid":{"rendered":"https:\/\/agora.xtec.cat\/escolalavilapalamos\/?p=11390"},"modified":"2022-04-26T23:12:55","modified_gmt":"2022-04-26T21:12:55","slug":"proves-de-competencies-basiques-de-6e-3","status":"publish","type":"post","link":"https:\/\/agora.xtec.cat\/escolalavilapalamos\/portada\/proves-de-competencies-basiques-de-6e-3\/","title":{"rendered":"Proves de compet\u00e8ncies b\u00e0siques de 6\u00e8"},"content":{"rendered":"<p><a href=\"https:\/\/agora.xtec.cat\/escolalavilapalamos\/wp-content\/uploads\/usu897\/2021\/04\/6primaria.jpg\"><img loading=\"lazy\" decoding=\"async\" class=\"wp-image-9356 alignright\" src=\"https:\/\/agora.xtec.cat\/escolalavilapalamos\/wp-content\/uploads\/usu897\/2021\/04\/6primaria-300x83.jpg\" alt=\"\" width=\"481\" height=\"133\" srcset=\"https:\/\/agora.xtec.cat\/escolalavilapalamos\/wp-content\/uploads\/usu897\/2021\/04\/6primaria-300x83.jpg 300w, https:\/\/agora.xtec.cat\/escolalavilapalamos\/wp-content\/uploads\/usu897\/2021\/04\/6primaria.jpg 400w\" sizes=\"auto, (max-width: 481px) 100vw, 481px\" \/><\/a>Cada curs escolar els alumnes de 6\u00e8 de prim\u00e0ria de tots els centres de Catalunya fan unes proves de compet\u00e8ncies b\u00e0siques.\u00a0<strong>El dimarts 26, dimecres 27 i dijous 28 d&#8217;abril<\/strong>\u00a0al mat\u00ed, els nostres nois i noies de 6\u00e8 faran les proves.<\/p>\n<p>Les proves es fan en cinc sessions, dues el mat\u00ed del dimarts, dues el dimecres i una el dijous.<\/p>\n<ul>\n<li>El dimarts 26 d&#8217;abril: llengua catalana i angl\u00e8s<\/li>\n<li>El dimecres 27 d&#8217;abril: llengua castellana i matem\u00e0tiques.<\/li>\n<li>El dijous 28 d&#8217;abril: coneixement del medi natural<\/li>\n<\/ul>\n<p>Cada sessi\u00f3 t\u00e9 una durada de 60 minuts.<\/p>\n<p>Aquest \u00e9s el darrer curs que es fa una prova de compet\u00e8ncies b\u00e0siques a 6\u00e8 de Prim\u00e0ria. A partir del curs 22-23 la prova de compet\u00e8ncies es far\u00e0 a 4t.<\/p>\n<p>La prova avalua les compet\u00e8ncies i coneixements b\u00e0sics que ha d&#8217;haver adquirit l&#8217;alumnat al final de l&#8217;educaci\u00f3 prim\u00e0ria per poder seguir amb normalitat el curr\u00edculum previst per a l&#8217;ESO.<\/p>\n<p>El Departament d&#8217;Educaci\u00f3 dur\u00e0 a terme una prova d&#8217;avaluaci\u00f3 externa a l&#8217;alumnat de sis\u00e8 curs d&#8217;educaci\u00f3 prim\u00e0ria en finalitzar el curs 2021-2022, que faran al voltant de 83.000 nens i nenes de Catalunya. Aquesta prova es basar\u00e0 en les compet\u00e8ncies b\u00e0siques ling\u00fc\u00edstiques, matem\u00e0tiques i de l&#8217;\u00e0rea de coneixement del medi natural que cal haver assolit en acabar aquesta etapa educativa. <strong>El resultat de la prova no tindr\u00e0 efecte ni en l&#8217;avaluaci\u00f3 final de l&#8217;alumnat ni en la decisi\u00f3 de passar a l&#8217;ESO.<\/strong><\/p>\n<p>Amb aquesta prova, el Departament i cada centre d&#8217;educaci\u00f3 prim\u00e0ria podr\u00e0 disposar d&#8217;informaci\u00f3 acurada sobre l&#8217;evoluci\u00f3 de tot l&#8217;alumnat en un moment clau de la seva escolaritat segons un instrument de mesura homogeni. La prova ha de servir, tamb\u00e9, perqu\u00e8 cada centre pugui detectar els punts febles, potenciar els punts forts i prendre decisions en la planificaci\u00f3 educativa a partir de la major autonomia que permet la Llei d&#8217;educaci\u00f3 de Catalunya. L&#8217;objectiu final \u00e9s millorar els resultats de l&#8217;alumnat i afavorir el seu pas a l&#8217;educaci\u00f3 secund\u00e0ria.<\/p>\n<p>L&#8217;avaluaci\u00f3 de sis\u00e8 d&#8217;educaci\u00f3 prim\u00e0ria:<\/p>\n<ul>\n<li>\u00c9s una avaluaci\u00f3 externa de car\u00e0cter formatiu i orientador.<\/li>\n<li>Mesura el grau d&#8217;assoliment de compet\u00e8ncies b\u00e0siques en acabar l&#8217;educaci\u00f3 prim\u00e0ria.<\/li>\n<li>Facilita informaci\u00f3 als centres dels punts forts i febles en l&#8217;adquisici\u00f3 de les compet\u00e8ncies b\u00e0siques de l&#8217;alumnat.<\/li>\n<li>Constitueix un instrument per a la millora dels aprenentatges de l&#8217;alumnat.<\/li>\n<li>Afavoreix la transici\u00f3 de l&#8217;educaci\u00f3 prim\u00e0ria a l&#8217;educaci\u00f3 secund\u00e0ria obligat\u00f2ria.<\/li>\n<li>Permet disposar d&#8217;informaci\u00f3 sobre el sistema educatiu catal\u00e0.<\/li>\n<\/ul>\n<p>M\u00e9s informaci\u00f3 a <a href=\"http:\/\/csda.gencat.cat\/ca\/arees-actuacio\/avaluacions-consell\/avaluacio-sise-primaria\/prova-2021\/\">la web del Departament d\u2019Educaci\u00f3.<\/a><\/p>\n","protected":false},"excerpt":{"rendered":"<p><a href=\"https:\/\/agora.xtec.cat\/escolalavilapalamos\/wp-content\/uploads\/usu897\/2021\/04\/6primaria.jpg\"><\/a>Cada curs escolar els alumnes de 6\u00e8 de prim\u00e0ria de tots els centres de Catalunya fan unes proves de compet\u00e8ncies b\u00e0siques.\u00a0El dimarts 26, dimecres 27 i dijous 28 d&#8217;abril\u00a0al mat\u00ed, els nostres nois i noies de 6\u00e8 faran les proves.<br \/>\nLes proves es fan en&hellip;  <a href=\"https:\/\/agora.xtec.cat\/escolalavilapalamos\/portada\/proves-de-competencies-basiques-de-6e-3\/\" title=\"Read Proves de compet\u00e8ncies b\u00e0siques de 6\u00e8\">Llegeix m\u00e9s\u00bb<\/a><\/p>\n","protected":false},"author":1,"featured_media":11395,"comment_status":"open","ping_status":"closed","sticky":false,"template":"","format":"standard","meta":{"_bbp_topic_count":0,"_bbp_reply_count":0,"_bbp_total_topic_count":0,"_bbp_total_reply_count":0,"_bbp_voice_count":0,"_bbp_anonymous_reply_count":0,"_bbp_topic_count_hidden":0,"_bbp_reply_count_hidden":0,"_bbp_forum_subforum_count":0,"footnotes":""},"categories":[128,4],"tags":[],"class_list":["post-11390","post","type-post","status-publish","format-standard","has-post-thumbnail","hentry","category-comunitat-de-grans","category-portada"],"post_mailing_queue_ids":[],"_links":{"self":[{"href":"https:\/\/agora.xtec.cat\/escolalavilapalamos\/wp-json\/wp\/v2\/posts\/11390","targetHints":{"allow":["GET"]}}],"collection":[{"href":"https:\/\/agora.xtec.cat\/escolalavilapalamos\/wp-json\/wp\/v2\/posts"}],"about":[{"href":"https:\/\/agora.xtec.cat\/escolalavilapalamos\/wp-json\/wp\/v2\/types\/post"}],"author":[{"embeddable":true,"href":"https:\/\/agora.xtec.cat\/escolalavilapalamos\/wp-json\/wp\/v2\/users\/1"}],"replies":[{"embeddable":true,"href":"https:\/\/agora.xtec.cat\/escolalavilapalamos\/wp-json\/wp\/v2\/comments?post=11390"}],"version-history":[{"count":3,"href":"https:\/\/agora.xtec.cat\/escolalavilapalamos\/wp-json\/wp\/v2\/posts\/11390\/revisions"}],"predecessor-version":[{"id":11397,"href":"https:\/\/agora.xtec.cat\/escolalavilapalamos\/wp-json\/wp\/v2\/posts\/11390\/revisions\/11397"}],"wp:featuredmedia":[{"embeddable":true,"href":"https:\/\/agora.xtec.cat\/escolalavilapalamos\/wp-json\/wp\/v2\/media\/11395"}],"wp:attachment":[{"href":"https:\/\/agora.xtec.cat\/escolalavilapalamos\/wp-json\/wp\/v2\/media?parent=11390"}],"wp:term":[{"taxonomy":"category","embeddable":true,"href":"https:\/\/agora.xtec.cat\/escolalavilapalamos\/wp-json\/wp\/v2\/categories?post=11390"},{"taxonomy":"post_tag","embeddable":true,"href":"https:\/\/agora.xtec.cat\/escolalavilapalamos\/wp-json\/wp\/v2\/tags?post=11390"}],"curies":[{"name":"wp","href":"https:\/\/api.w.org\/{rel}","templated":true}]}}