{"id":11385,"date":"2022-04-21T15:33:26","date_gmt":"2022-04-21T13:33:26","guid":{"rendered":"https:\/\/agora.xtec.cat\/escolalavilapalamos\/?p=11385"},"modified":"2022-04-30T21:18:57","modified_gmt":"2022-04-30T19:18:57","slug":"sant-jordi-2022","status":"publish","type":"post","link":"https:\/\/agora.xtec.cat\/escolalavilapalamos\/general\/sant-jordi-2022\/","title":{"rendered":"Sant Jordi 2022"},"content":{"rendered":"<p>Aquest any <strong>Sant Jordi<\/strong> arriba ple d\u2019activitats a l\u2019escola. <img loading=\"lazy\" decoding=\"async\" class=\" wp-image-11359 alignright\" src=\"https:\/\/agora.xtec.cat\/escolalavilapalamos\/wp-content\/uploads\/usu897\/2022\/04\/SANTJORDI-2022-212x300.png\" alt=\"\" width=\"296\" height=\"418\" srcset=\"https:\/\/agora.xtec.cat\/escolalavilapalamos\/wp-content\/uploads\/usu897\/2022\/04\/SANTJORDI-2022-212x300.png 212w, https:\/\/agora.xtec.cat\/escolalavilapalamos\/wp-content\/uploads\/usu897\/2022\/04\/SANTJORDI-2022-724x1024.png 724w, https:\/\/agora.xtec.cat\/escolalavilapalamos\/wp-content\/uploads\/usu897\/2022\/04\/SANTJORDI-2022-768x1086.png 768w, https:\/\/agora.xtec.cat\/escolalavilapalamos\/wp-content\/uploads\/usu897\/2022\/04\/SANTJORDI-2022-1086x1536.png 1086w, https:\/\/agora.xtec.cat\/escolalavilapalamos\/wp-content\/uploads\/usu897\/2022\/04\/SANTJORDI-2022.png 1414w\" sizes=\"auto, (max-width: 296px) 100vw, 296px\" \/><\/p>\n<div class=\"entry-content\">\n<p>Al llarg de la setmana farem <strong>Tallers de Sant Jordi<\/strong> amb la <strong>creaci\u00f3 de roses i dracs, <\/strong>\u00a0<strong>esmorzars literaris\u00a0 <\/strong>entre altres sorpreses.<\/p>\n<p>Tenim fam\u00edlies volunt\u00e0ries que vindran a explicar-nos contes a les classes.<\/p>\n<\/div>\n<div class=\"entry-content\">\n<p>El divendres 22 d&#8217;abril a les 10:15h gaudirem de l&#8217;espectacle <strong>Un m\u00f3n (i un munt!) de dracs de la companyia Tanaka teatre<\/strong><\/p>\n<p><a href=\"https:\/\/agora.xtec.cat\/escolalavilapalamos\/wp-content\/uploads\/usu897\/2022\/04\/mon_munt_dracs_tanaka_teatre_titelles_7-scaled.jpg\"><img loading=\"lazy\" decoding=\"async\" class=\"wp-image-11352 alignleft\" src=\"https:\/\/agora.xtec.cat\/escolalavilapalamos\/wp-content\/uploads\/usu897\/2022\/04\/mon_munt_dracs_tanaka_teatre_titelles_7-300x200.jpg\" alt=\"\" width=\"350\" height=\"233\" srcset=\"https:\/\/agora.xtec.cat\/escolalavilapalamos\/wp-content\/uploads\/usu897\/2022\/04\/mon_munt_dracs_tanaka_teatre_titelles_7-300x200.jpg 300w, https:\/\/agora.xtec.cat\/escolalavilapalamos\/wp-content\/uploads\/usu897\/2022\/04\/mon_munt_dracs_tanaka_teatre_titelles_7-1024x683.jpg 1024w, https:\/\/agora.xtec.cat\/escolalavilapalamos\/wp-content\/uploads\/usu897\/2022\/04\/mon_munt_dracs_tanaka_teatre_titelles_7-768x512.jpg 768w, https:\/\/agora.xtec.cat\/escolalavilapalamos\/wp-content\/uploads\/usu897\/2022\/04\/mon_munt_dracs_tanaka_teatre_titelles_7-1536x1024.jpg 1536w, https:\/\/agora.xtec.cat\/escolalavilapalamos\/wp-content\/uploads\/usu897\/2022\/04\/mon_munt_dracs_tanaka_teatre_titelles_7-2048x1365.jpg 2048w\" sizes=\"auto, (max-width: 350px) 100vw, 350px\" \/><\/a><\/p>\n<p><em>Dues princeses ben peculiars descobreixen una llibreria m\u00e0gica que amaga molts secrets. Dels seus llibres en surten un munt de dracs que les posen a prova. Vols saber com els vencen? Vols veure com un drac es menja els espectadors del teatre com si fos sushi? T\u2019agradaria participar en un c\u00e0sting de dracs i cavallers? Un espectacle de teatre, titelles, m\u00e0gia, contes, humor, animaci\u00f3 i interacci\u00f3 amb el p\u00fablic per fomentar l\u2019h\u00e0bit de la lectura d\u2019una manera divertida. Ideal pels dies propers a la Diada de Sant Jordi<\/em>. <a href=\"https:\/\/drive.google.com\/file\/d\/1WgWxe_sKdVNgwVKZH52enpSN4golq5A9\/view?usp=sharing\">Dossier pedag\u00f2gic de l&#8217;obra<\/a><\/p>\n<p><a href=\"https:\/\/photos.app.goo.gl\/QLKpJxQGYCgHMpZ77\"><em>Podeu veure totes les fotos del Sant Jordi 2022 a l&#8217;escola clicant aqu\u00ed<\/em><\/a><\/p>\n<\/div>\n<div class=\"entry-content\">\n<p>Juga a les activitats de\u00a0<a href=\"http:\/\/www.edu365.cat\/celebracions\/santjordi\/index.html\">Sant Jordi de l\u2019edu365.cat<\/a><\/p>\n<p><a href=\"http:\/\/cont01.palamos.cat\/documents\/108_1536465486.pdf\">Informaci\u00f3 de les activitats de\u00a0Sant Jordi a Palam\u00f3s<\/a><em><br \/>\n<\/em><\/p>\n<\/div>\n<p>Amb la col\u00b7laboraci\u00f3 de l&#8217;AMPA de l&#8217;Escola <a href=\"https:\/\/agora.xtec.cat\/escolalavilapalamos\/wp-content\/uploads\/usu897\/2014\/10\/AMPA.jpg\"><img loading=\"lazy\" decoding=\"async\" class=\"wp-image-1589 alignleft\" src=\"https:\/\/agora.xtec.cat\/escolalavilapalamos\/wp-content\/uploads\/usu897\/2014\/10\/AMPA.jpg\" alt=\"\" width=\"70\" height=\"79\" \/><\/a><\/p>\n","protected":false},"excerpt":{"rendered":"<p>Aquest any Sant Jordi arriba ple d\u2019activitats a l\u2019escola. <\/p>\n<p>Al llarg de la setmana farem Tallers de Sant Jordi amb la creaci\u00f3 de roses i dracs, \u00a0esmorzars literaris\u00a0 entre altres sorpreses.<br \/>\nTenim fam\u00edlies volunt\u00e0ries que vindran a explicar-nos contes a les classes.<\/p>\n<p>El divendres 22 d&#8217;abril a&hellip;  <a href=\"https:\/\/agora.xtec.cat\/escolalavilapalamos\/general\/sant-jordi-2022\/\" title=\"Read Sant Jordi 2022\">Llegeix m\u00e9s\u00bb<\/a><\/p>\n","protected":false},"author":1,"featured_media":11359,"comment_status":"open","ping_status":"closed","sticky":false,"template":"","format":"standard","meta":{"_bbp_topic_count":0,"_bbp_reply_count":0,"_bbp_total_topic_count":0,"_bbp_total_reply_count":0,"_bbp_voice_count":0,"_bbp_anonymous_reply_count":0,"_bbp_topic_count_hidden":0,"_bbp_reply_count_hidden":0,"_bbp_forum_subforum_count":0,"footnotes":""},"categories":[7,1,4],"tags":[],"class_list":["post-11385","post","type-post","status-publish","format-standard","has-post-thumbnail","hentry","category-ampa","category-general","category-portada"],"post_mailing_queue_ids":[],"_links":{"self":[{"href":"https:\/\/agora.xtec.cat\/escolalavilapalamos\/wp-json\/wp\/v2\/posts\/11385","targetHints":{"allow":["GET"]}}],"collection":[{"href":"https:\/\/agora.xtec.cat\/escolalavilapalamos\/wp-json\/wp\/v2\/posts"}],"about":[{"href":"https:\/\/agora.xtec.cat\/escolalavilapalamos\/wp-json\/wp\/v2\/types\/post"}],"author":[{"embeddable":true,"href":"https:\/\/agora.xtec.cat\/escolalavilapalamos\/wp-json\/wp\/v2\/users\/1"}],"replies":[{"embeddable":true,"href":"https:\/\/agora.xtec.cat\/escolalavilapalamos\/wp-json\/wp\/v2\/comments?post=11385"}],"version-history":[{"count":3,"href":"https:\/\/agora.xtec.cat\/escolalavilapalamos\/wp-json\/wp\/v2\/posts\/11385\/revisions"}],"predecessor-version":[{"id":11429,"href":"https:\/\/agora.xtec.cat\/escolalavilapalamos\/wp-json\/wp\/v2\/posts\/11385\/revisions\/11429"}],"wp:featuredmedia":[{"embeddable":true,"href":"https:\/\/agora.xtec.cat\/escolalavilapalamos\/wp-json\/wp\/v2\/media\/11359"}],"wp:attachment":[{"href":"https:\/\/agora.xtec.cat\/escolalavilapalamos\/wp-json\/wp\/v2\/media?parent=11385"}],"wp:term":[{"taxonomy":"category","embeddable":true,"href":"https:\/\/agora.xtec.cat\/escolalavilapalamos\/wp-json\/wp\/v2\/categories?post=11385"},{"taxonomy":"post_tag","embeddable":true,"href":"https:\/\/agora.xtec.cat\/escolalavilapalamos\/wp-json\/wp\/v2\/tags?post=11385"}],"curies":[{"name":"wp","href":"https:\/\/api.w.org\/{rel}","templated":true}]}}