{"id":11383,"date":"2022-04-26T23:26:30","date_gmt":"2022-04-26T21:26:30","guid":{"rendered":"https:\/\/agora.xtec.cat\/escolalavilapalamos\/?p=11383"},"modified":"2022-04-26T23:35:52","modified_gmt":"2022-04-26T21:35:52","slug":"jornada-despais-exteriors-abril-2022","status":"publish","type":"post","link":"https:\/\/agora.xtec.cat\/escolalavilapalamos\/general\/jornada-despais-exteriors-abril-2022\/","title":{"rendered":"Jornada d&#8217;espais exteriors abril 2022"},"content":{"rendered":"<p><strong><a href=\"https:\/\/agora.xtec.cat\/escolalavilapalamos\/wp-content\/uploads\/usu897\/2022\/04\/IMG_20220424_155623.jpg\"><img loading=\"lazy\" decoding=\"async\" class=\"size-medium wp-image-11400 alignright\" src=\"https:\/\/agora.xtec.cat\/escolalavilapalamos\/wp-content\/uploads\/usu897\/2022\/04\/IMG_20220424_155623-300x294.jpg\" alt=\"\" width=\"300\" height=\"294\" srcset=\"https:\/\/agora.xtec.cat\/escolalavilapalamos\/wp-content\/uploads\/usu897\/2022\/04\/IMG_20220424_155623-300x294.jpg 300w, https:\/\/agora.xtec.cat\/escolalavilapalamos\/wp-content\/uploads\/usu897\/2022\/04\/IMG_20220424_155623.jpg 595w\" sizes=\"auto, (max-width: 300px) 100vw, 300px\" \/><\/a>Diumenge 24 d&#8217;abril<\/strong> vam dur a terme la jornada de manteniment dels patis de de l&#8217;escola.<\/p>\n<p>Vam gaudir d&#8217;un dia excel\u00b7lent on fam\u00edlies, alumnes i mestres vam col\u00b7laborar en la millora i manteniment dels espais exteriors del nostre centre. Junts aprofitarem aquest espai d&#8217;aprenentatge a l&#8217;exterior.<\/p>\n<p>Vam fer dues noves jardineres al pati gran de baix i a la pista esportiva, polir i envernissar la cuineta de prim\u00e0ria, polir i envernissar les casetes de la pineda dels petits, restaurar les zones del tobogan d&#8217;infantil i cobrir la terrassa d&#8217;infantil.<\/p>\n<p>Gr\u00e0cies a la comissi\u00f3 de fam\u00edlies de 5\u00e8, vam poder fer una arrossada a c\u00e0rrec de l&#8217;Angel, ajudant d&#8217;aquesta manera al viatge de final de curs dels alumnes.<\/p>\n<p>Molt agra\u00efts a totes les fam\u00edlies que van col\u00b7laborar i van fer possible una jornada d&#8217;espais exteriors genial!<\/p>\n<p>En <a href=\"https:\/\/photos.app.goo.gl\/MdcmyLc4jGaL4Qgq5\">el seg\u00fcent enlla\u00e7 podreu trobar un recull de fotos de la jornada<\/a>.<\/p>\n","protected":false},"excerpt":{"rendered":"<p><a href=\"https:\/\/agora.xtec.cat\/escolalavilapalamos\/wp-content\/uploads\/usu897\/2022\/04\/IMG_20220424_155623.jpg\"><\/a>Diumenge 24 d&#8217;abril vam dur a terme la jornada de manteniment dels patis de de l&#8217;escola.<br \/>\nVam gaudir d&#8217;un dia excel\u00b7lent on fam\u00edlies, alumnes i mestres vam col\u00b7laborar en la millora i manteniment dels espais exteriors del nostre centre. Junts aprofitarem aquest espai d&#8217;aprenentatge a&hellip;  <a href=\"https:\/\/agora.xtec.cat\/escolalavilapalamos\/general\/jornada-despais-exteriors-abril-2022\/\" title=\"Read Jornada d&#8217;espais exteriors abril 2022\">Llegeix m\u00e9s\u00bb<\/a><\/p>\n","protected":false},"author":245,"featured_media":11399,"comment_status":"open","ping_status":"closed","sticky":false,"template":"","format":"standard","meta":{"_bbp_topic_count":0,"_bbp_reply_count":0,"_bbp_total_topic_count":0,"_bbp_total_reply_count":0,"_bbp_voice_count":0,"_bbp_anonymous_reply_count":0,"_bbp_topic_count_hidden":0,"_bbp_reply_count_hidden":0,"_bbp_forum_subforum_count":0,"footnotes":""},"categories":[128,127,2,123,1,4],"tags":[],"class_list":["post-11383","post","type-post","status-publish","format-standard","has-post-thumbnail","hentry","category-comunitat-de-grans","category-comunitat-de-mitjans","category-infantil","category-patis","category-general","category-portada"],"post_mailing_queue_ids":[],"_links":{"self":[{"href":"https:\/\/agora.xtec.cat\/escolalavilapalamos\/wp-json\/wp\/v2\/posts\/11383","targetHints":{"allow":["GET"]}}],"collection":[{"href":"https:\/\/agora.xtec.cat\/escolalavilapalamos\/wp-json\/wp\/v2\/posts"}],"about":[{"href":"https:\/\/agora.xtec.cat\/escolalavilapalamos\/wp-json\/wp\/v2\/types\/post"}],"author":[{"embeddable":true,"href":"https:\/\/agora.xtec.cat\/escolalavilapalamos\/wp-json\/wp\/v2\/users\/245"}],"replies":[{"embeddable":true,"href":"https:\/\/agora.xtec.cat\/escolalavilapalamos\/wp-json\/wp\/v2\/comments?post=11383"}],"version-history":[{"count":3,"href":"https:\/\/agora.xtec.cat\/escolalavilapalamos\/wp-json\/wp\/v2\/posts\/11383\/revisions"}],"predecessor-version":[{"id":11398,"href":"https:\/\/agora.xtec.cat\/escolalavilapalamos\/wp-json\/wp\/v2\/posts\/11383\/revisions\/11398"}],"wp:featuredmedia":[{"embeddable":true,"href":"https:\/\/agora.xtec.cat\/escolalavilapalamos\/wp-json\/wp\/v2\/media\/11399"}],"wp:attachment":[{"href":"https:\/\/agora.xtec.cat\/escolalavilapalamos\/wp-json\/wp\/v2\/media?parent=11383"}],"wp:term":[{"taxonomy":"category","embeddable":true,"href":"https:\/\/agora.xtec.cat\/escolalavilapalamos\/wp-json\/wp\/v2\/categories?post=11383"},{"taxonomy":"post_tag","embeddable":true,"href":"https:\/\/agora.xtec.cat\/escolalavilapalamos\/wp-json\/wp\/v2\/tags?post=11383"}],"curies":[{"name":"wp","href":"https:\/\/api.w.org\/{rel}","templated":true}]}}