{"id":11362,"date":"2022-04-21T09:45:41","date_gmt":"2022-04-21T07:45:41","guid":{"rendered":"https:\/\/agora.xtec.cat\/escolalavilapalamos\/?p=11362"},"modified":"2022-04-22T00:46:13","modified_gmt":"2022-04-21T22:46:13","slug":"el-cicle-de-laigua","status":"publish","type":"post","link":"https:\/\/agora.xtec.cat\/escolalavilapalamos\/general\/el-cicle-de-laigua\/","title":{"rendered":"El cicle de l&#8217;aigua"},"content":{"rendered":"<p>Els nois i noies de 4t han estat investigant sobre l&#8217;aigua i han constru\u00eft unes maquetes per poder explicar el cicle de l&#8217;aigua. El dilluns 28 de mar\u00e7 vam convidar als alumnes de 1r a visitar l&#8217;exposici\u00f3 de maquetes. Cada grup de 4t va poder mostrar la feina feta i explicar als nens i nenes de 1r qu\u00e8 \u00e9s el cicle de l&#8217;aigua.<\/p>\n<p>Podeu clicar sobre la foto per veure les fotos.<\/p>\n<p><a href=\"https:\/\/photos.app.goo.gl\/udNWLbJHLv51ki7Z7\"><img loading=\"lazy\" decoding=\"async\" class=\"aligncenter size-large wp-image-11363\" src=\"https:\/\/agora.xtec.cat\/escolalavilapalamos\/wp-content\/uploads\/usu897\/2022\/04\/1648810443929-1024x769.jpg\" alt=\"\" width=\"1024\" height=\"769\" srcset=\"https:\/\/agora.xtec.cat\/escolalavilapalamos\/wp-content\/uploads\/usu897\/2022\/04\/1648810443929-1024x769.jpg 1024w, https:\/\/agora.xtec.cat\/escolalavilapalamos\/wp-content\/uploads\/usu897\/2022\/04\/1648810443929-300x225.jpg 300w, https:\/\/agora.xtec.cat\/escolalavilapalamos\/wp-content\/uploads\/usu897\/2022\/04\/1648810443929-768x577.jpg 768w, https:\/\/agora.xtec.cat\/escolalavilapalamos\/wp-content\/uploads\/usu897\/2022\/04\/1648810443929-1536x1153.jpg 1536w, https:\/\/agora.xtec.cat\/escolalavilapalamos\/wp-content\/uploads\/usu897\/2022\/04\/1648810443929-2048x1538.jpg 2048w, https:\/\/agora.xtec.cat\/escolalavilapalamos\/wp-content\/uploads\/usu897\/2022\/04\/1648810443929-200x150.jpg 200w\" sizes=\"auto, (max-width: 1024px) 100vw, 1024px\" \/><\/a><\/p>\n","protected":false},"excerpt":{"rendered":"<p>Els nois i noies de 4t han estat investigant sobre l&#8217;aigua i han constru\u00eft unes maquetes per poder explicar el cicle de l&#8217;aigua. El dilluns 28 de mar\u00e7 vam convidar als alumnes de 1r a visitar l&#8217;exposici\u00f3 de maquetes. Cada grup de 4t va poder&hellip;  <a href=\"https:\/\/agora.xtec.cat\/escolalavilapalamos\/general\/el-cicle-de-laigua\/\" title=\"Read El cicle de l&#8217;aigua\">Llegeix m\u00e9s\u00bb<\/a><\/p>\n","protected":false},"author":132,"featured_media":11363,"comment_status":"open","ping_status":"closed","sticky":false,"template":"","format":"standard","meta":{"_bbp_topic_count":0,"_bbp_reply_count":0,"_bbp_total_topic_count":0,"_bbp_total_reply_count":0,"_bbp_voice_count":0,"_bbp_anonymous_reply_count":0,"_bbp_topic_count_hidden":0,"_bbp_reply_count_hidden":0,"_bbp_forum_subforum_count":0,"footnotes":""},"categories":[128,1,4],"tags":[],"class_list":["post-11362","post","type-post","status-publish","format-standard","has-post-thumbnail","hentry","category-comunitat-de-grans","category-general","category-portada"],"post_mailing_queue_ids":[],"_links":{"self":[{"href":"https:\/\/agora.xtec.cat\/escolalavilapalamos\/wp-json\/wp\/v2\/posts\/11362","targetHints":{"allow":["GET"]}}],"collection":[{"href":"https:\/\/agora.xtec.cat\/escolalavilapalamos\/wp-json\/wp\/v2\/posts"}],"about":[{"href":"https:\/\/agora.xtec.cat\/escolalavilapalamos\/wp-json\/wp\/v2\/types\/post"}],"author":[{"embeddable":true,"href":"https:\/\/agora.xtec.cat\/escolalavilapalamos\/wp-json\/wp\/v2\/users\/132"}],"replies":[{"embeddable":true,"href":"https:\/\/agora.xtec.cat\/escolalavilapalamos\/wp-json\/wp\/v2\/comments?post=11362"}],"version-history":[{"count":2,"href":"https:\/\/agora.xtec.cat\/escolalavilapalamos\/wp-json\/wp\/v2\/posts\/11362\/revisions"}],"predecessor-version":[{"id":11369,"href":"https:\/\/agora.xtec.cat\/escolalavilapalamos\/wp-json\/wp\/v2\/posts\/11362\/revisions\/11369"}],"wp:featuredmedia":[{"embeddable":true,"href":"https:\/\/agora.xtec.cat\/escolalavilapalamos\/wp-json\/wp\/v2\/media\/11363"}],"wp:attachment":[{"href":"https:\/\/agora.xtec.cat\/escolalavilapalamos\/wp-json\/wp\/v2\/media?parent=11362"}],"wp:term":[{"taxonomy":"category","embeddable":true,"href":"https:\/\/agora.xtec.cat\/escolalavilapalamos\/wp-json\/wp\/v2\/categories?post=11362"},{"taxonomy":"post_tag","embeddable":true,"href":"https:\/\/agora.xtec.cat\/escolalavilapalamos\/wp-json\/wp\/v2\/tags?post=11362"}],"curies":[{"name":"wp","href":"https:\/\/api.w.org\/{rel}","templated":true}]}}