{"id":11321,"date":"2022-04-08T21:08:17","date_gmt":"2022-04-08T19:08:17","guid":{"rendered":"https:\/\/agora.xtec.cat\/escolalavilapalamos\/?p=11321"},"modified":"2022-04-30T21:09:29","modified_gmt":"2022-04-30T19:09:29","slug":"excursio-a-terrassa-5e","status":"publish","type":"post","link":"https:\/\/agora.xtec.cat\/escolalavilapalamos\/general\/excursio-a-terrassa-5e\/","title":{"rendered":"Excursi\u00f3 a Terrassa 5\u00e8"},"content":{"rendered":"<p>Els alumnes de 5\u00e8, el dijous 7 d\u2019abril, vam anar d\u2019excursi\u00f3 al <strong>Museu Nacional de la Ci\u00e8ncia i la T\u00e8cnica de Catalunya a Terrassa.<\/strong><img loading=\"lazy\" decoding=\"async\" class=\"alignleft\" src=\"https:\/\/lh3.googleusercontent.com\/pw\/AM-JKLW9djxpANW4BntzJaHBxBOVcPDnUzZkeedpoTylm2T7pW6z6eps0Ihave0VLu070YNeWEC4mMcRQERK-poztAFD987WLz9Y2fBFoinIRIgMUahqFXX04IxZcuK16EqA11sPjiLX4m2vNbZ2IPOyeBpm=w1175-h881-no?authuser=0\" width=\"422\" height=\"317\" \/><\/p>\n<p>Vam poder visitar el museu, el qual ens va agradar molt ja que vam poder veure, tocar i comprovar molts dels aspectes treballats a l\u2019aula sobre les m\u00e0quines. Tamb\u00e9 vam fer un taller sobre engranatges i en grups vam aprendre com funcionen i en vam construir un de gran.<br \/>\n<a href=\"https:\/\/agora.xtec.cat\/escolalavilapalamos\/wp-content\/uploads\/usu897\/2022\/04\/EB39E9D4-2C69-4E94-BD72-F85942D74259.jpeg\"><br \/>\n<\/a> Feu clic <a href=\"https:\/\/photos.app.goo.gl\/6QYd1G22cxQC4wZW8\">aqu\u00ed<\/a> per veure les imatges.<\/p>\n","protected":false},"excerpt":{"rendered":"<p>Els alumnes de 5\u00e8, el dijous 7 d\u2019abril, vam anar d\u2019excursi\u00f3 al Museu Nacional de la Ci\u00e8ncia i la T\u00e8cnica de Catalunya a Terrassa.<br \/>\nVam poder visitar el museu, el qual ens va agradar molt ja que vam poder veure, tocar i comprovar molts dels aspectes&hellip;  <a href=\"https:\/\/agora.xtec.cat\/escolalavilapalamos\/general\/excursio-a-terrassa-5e\/\" title=\"Read Excursi\u00f3 a Terrassa 5\u00e8\">Llegeix m\u00e9s\u00bb<\/a><\/p>\n","protected":false},"author":132,"featured_media":11323,"comment_status":"open","ping_status":"closed","sticky":false,"template":"","format":"standard","meta":{"_bbp_topic_count":0,"_bbp_reply_count":0,"_bbp_total_topic_count":0,"_bbp_total_reply_count":0,"_bbp_voice_count":0,"_bbp_anonymous_reply_count":0,"_bbp_topic_count_hidden":0,"_bbp_reply_count_hidden":0,"_bbp_forum_subforum_count":0,"footnotes":""},"categories":[128,1,4],"tags":[],"class_list":["post-11321","post","type-post","status-publish","format-standard","has-post-thumbnail","hentry","category-comunitat-de-grans","category-general","category-portada"],"post_mailing_queue_ids":[],"_links":{"self":[{"href":"https:\/\/agora.xtec.cat\/escolalavilapalamos\/wp-json\/wp\/v2\/posts\/11321","targetHints":{"allow":["GET"]}}],"collection":[{"href":"https:\/\/agora.xtec.cat\/escolalavilapalamos\/wp-json\/wp\/v2\/posts"}],"about":[{"href":"https:\/\/agora.xtec.cat\/escolalavilapalamos\/wp-json\/wp\/v2\/types\/post"}],"author":[{"embeddable":true,"href":"https:\/\/agora.xtec.cat\/escolalavilapalamos\/wp-json\/wp\/v2\/users\/132"}],"replies":[{"embeddable":true,"href":"https:\/\/agora.xtec.cat\/escolalavilapalamos\/wp-json\/wp\/v2\/comments?post=11321"}],"version-history":[{"count":3,"href":"https:\/\/agora.xtec.cat\/escolalavilapalamos\/wp-json\/wp\/v2\/posts\/11321\/revisions"}],"predecessor-version":[{"id":11427,"href":"https:\/\/agora.xtec.cat\/escolalavilapalamos\/wp-json\/wp\/v2\/posts\/11321\/revisions\/11427"}],"wp:featuredmedia":[{"embeddable":true,"href":"https:\/\/agora.xtec.cat\/escolalavilapalamos\/wp-json\/wp\/v2\/media\/11323"}],"wp:attachment":[{"href":"https:\/\/agora.xtec.cat\/escolalavilapalamos\/wp-json\/wp\/v2\/media?parent=11321"}],"wp:term":[{"taxonomy":"category","embeddable":true,"href":"https:\/\/agora.xtec.cat\/escolalavilapalamos\/wp-json\/wp\/v2\/categories?post=11321"},{"taxonomy":"post_tag","embeddable":true,"href":"https:\/\/agora.xtec.cat\/escolalavilapalamos\/wp-json\/wp\/v2\/tags?post=11321"}],"curies":[{"name":"wp","href":"https:\/\/api.w.org\/{rel}","templated":true}]}}