{"id":11317,"date":"2022-04-08T10:45:48","date_gmt":"2022-04-08T08:45:48","guid":{"rendered":"https:\/\/agora.xtec.cat\/escolalavilapalamos\/?p=11317"},"modified":"2022-04-18T10:53:30","modified_gmt":"2022-04-18T08:53:30","slug":"colonies-de-4t-i-5e-a-la-granja-a-santa-maria-de-palautordera","status":"publish","type":"post","link":"https:\/\/agora.xtec.cat\/escolalavilapalamos\/general\/colonies-de-4t-i-5e-a-la-granja-a-santa-maria-de-palautordera\/","title":{"rendered":"Col\u00f2nies de 4t i 5\u00e8 a La Granja a Santa Maria de Palautordera"},"content":{"rendered":"<p><img loading=\"lazy\" decoding=\"async\" class=\"alignright\" src=\"https:\/\/lh3.googleusercontent.com\/pw\/AM-JKLWtaBaQx1haAjExDLfwh7CLmWTCQOVo3UV8XRbQr9FZ-zgTdMDGbs_p2VSXFmI54WnMF6X0zBwLzn9CIOFyYnwr0s0qReolCgQvvXOI-zT26bOM_mwWnf6UpuYbdhXLmlrUsSCp2-n2gFwqn_WznNW9=w1099-h824-no?authuser=0\" width=\"509\" height=\"382\" \/>Els passats 30 i 31 de mar\u00e7 els nens i nenes de 4t i 5\u00e8 vam anar de <strong>col\u00f2nies a La Granja a Santa Maria de Palautordera<\/strong>.<\/p>\n<p>All\u00e0 vam fer un munt d\u2019activitats i, tot i que ens va ploure a estones, vam poder fer-les quasi totes a l\u2019espai exterior. Vam quedar ben enfangats per\u00f2 ens ho vam passar molt i molt b\u00e9!<\/p>\n<p>Feu clic <a href=\"https:\/\/photos.app.goo.gl\/xS6fCP6t7TMp4iR79\">aqu\u00ed<\/a> per veure totes les fotos.<\/p>\n","protected":false},"excerpt":{"rendered":"<p>Els passats 30 i 31 de mar\u00e7 els nens i nenes de 4t i 5\u00e8 vam anar de col\u00f2nies a La Granja a Santa Maria de Palautordera.<br \/>\nAll\u00e0 vam fer un munt d\u2019activitats i, tot i que ens va ploure a estones, vam poder fer-les quasi&hellip;  <a href=\"https:\/\/agora.xtec.cat\/escolalavilapalamos\/general\/colonies-de-4t-i-5e-a-la-granja-a-santa-maria-de-palautordera\/\" title=\"Read Col\u00f2nies de 4t i 5\u00e8 a La Granja a Santa Maria de Palautordera\">Llegeix m\u00e9s\u00bb<\/a><\/p>\n","protected":false},"author":132,"featured_media":11338,"comment_status":"open","ping_status":"closed","sticky":false,"template":"","format":"standard","meta":{"_bbp_topic_count":0,"_bbp_reply_count":0,"_bbp_total_topic_count":0,"_bbp_total_reply_count":0,"_bbp_voice_count":0,"_bbp_anonymous_reply_count":0,"_bbp_topic_count_hidden":0,"_bbp_reply_count_hidden":0,"_bbp_forum_subforum_count":0,"footnotes":""},"categories":[128,1,4],"tags":[],"class_list":["post-11317","post","type-post","status-publish","format-standard","has-post-thumbnail","hentry","category-comunitat-de-grans","category-general","category-portada"],"post_mailing_queue_ids":[],"_links":{"self":[{"href":"https:\/\/agora.xtec.cat\/escolalavilapalamos\/wp-json\/wp\/v2\/posts\/11317","targetHints":{"allow":["GET"]}}],"collection":[{"href":"https:\/\/agora.xtec.cat\/escolalavilapalamos\/wp-json\/wp\/v2\/posts"}],"about":[{"href":"https:\/\/agora.xtec.cat\/escolalavilapalamos\/wp-json\/wp\/v2\/types\/post"}],"author":[{"embeddable":true,"href":"https:\/\/agora.xtec.cat\/escolalavilapalamos\/wp-json\/wp\/v2\/users\/132"}],"replies":[{"embeddable":true,"href":"https:\/\/agora.xtec.cat\/escolalavilapalamos\/wp-json\/wp\/v2\/comments?post=11317"}],"version-history":[{"count":3,"href":"https:\/\/agora.xtec.cat\/escolalavilapalamos\/wp-json\/wp\/v2\/posts\/11317\/revisions"}],"predecessor-version":[{"id":11339,"href":"https:\/\/agora.xtec.cat\/escolalavilapalamos\/wp-json\/wp\/v2\/posts\/11317\/revisions\/11339"}],"wp:featuredmedia":[{"embeddable":true,"href":"https:\/\/agora.xtec.cat\/escolalavilapalamos\/wp-json\/wp\/v2\/media\/11338"}],"wp:attachment":[{"href":"https:\/\/agora.xtec.cat\/escolalavilapalamos\/wp-json\/wp\/v2\/media?parent=11317"}],"wp:term":[{"taxonomy":"category","embeddable":true,"href":"https:\/\/agora.xtec.cat\/escolalavilapalamos\/wp-json\/wp\/v2\/categories?post=11317"},{"taxonomy":"post_tag","embeddable":true,"href":"https:\/\/agora.xtec.cat\/escolalavilapalamos\/wp-json\/wp\/v2\/tags?post=11317"}],"curies":[{"name":"wp","href":"https:\/\/api.w.org\/{rel}","templated":true}]}}