{"id":11299,"date":"2022-04-07T10:37:44","date_gmt":"2022-04-07T08:37:44","guid":{"rendered":"https:\/\/agora.xtec.cat\/escolalavilapalamos\/?p=11299"},"modified":"2022-04-18T10:39:11","modified_gmt":"2022-04-18T08:39:11","slug":"el-mon-matematic-a-p4","status":"publish","type":"post","link":"https:\/\/agora.xtec.cat\/escolalavilapalamos\/general\/el-mon-matematic-a-p4\/","title":{"rendered":"El m\u00f3n matem\u00e0tic a P4"},"content":{"rendered":"<p style=\"text-align: justify;\">Un dels principals papers de <strong>les matem\u00e0tiques \u00e9s ajudar a organitzar el pensament.<\/strong> <img loading=\"lazy\" decoding=\"async\" class=\" wp-image-11304 alignright\" src=\"https:\/\/agora.xtec.cat\/escolalavilapalamos\/wp-content\/uploads\/usu897\/2022\/04\/IMG_20220329_212756-640x480-1.jpg\" alt=\"\" width=\"433\" height=\"323\" srcset=\"https:\/\/agora.xtec.cat\/escolalavilapalamos\/wp-content\/uploads\/usu897\/2022\/04\/IMG_20220329_212756-640x480-1.jpg 640w, https:\/\/agora.xtec.cat\/escolalavilapalamos\/wp-content\/uploads\/usu897\/2022\/04\/IMG_20220329_212756-640x480-1-300x224.jpg 300w, https:\/\/agora.xtec.cat\/escolalavilapalamos\/wp-content\/uploads\/usu897\/2022\/04\/IMG_20220329_212756-640x480-1-200x150.jpg 200w\" sizes=\"auto, (max-width: 433px) 100vw, 433px\" \/><\/p>\n<p style=\"text-align: justify;\">Les situacions de la vida quotidiana s\u00f3n el millor punt de partida per posar en joc continguts matem\u00e0tics. \u00c9s en aquestes situacions en qu\u00e8 es podr\u00e0 observar com l\u2019infant aplica estrat\u00e8gies matem\u00e0tiques per explorar, experimentar, con\u00e8ixer, comunicar i entendre el m\u00f3n que l\u2019envolta.<\/p>\n<p style=\"text-align: justify;\">Els infants interaccionen constantment amb els objectes i, espont\u00e0niament a trav\u00e9s del joc, els relacionen, els classifiquen, els agrupen, els ordenen i hi estableixen correspond\u00e8ncies. Tamb\u00e9, a trav\u00e9s de la seva acci\u00f3 sobre aquests, van establint relacions qualitatives i quantitatives que els porten a la construcci\u00f3 de la noci\u00f3 de quantitat.<\/p>\n<p style=\"text-align: justify;\">A continuaci\u00f3, us deixem un recull d&#8217;<a href=\"https:\/\/photos.app.goo.gl\/S7LPGyp24VFRu95H8\">imatges<\/a> en qu\u00e8 podreu veure els\/les nens\/es fent diferents activitats matem\u00e0tiques, tant a l&#8217;aula durant la realitzaci\u00f3 de les propostes com en les estones de mitjos grups.<\/p>\n","protected":false},"excerpt":{"rendered":"<p>Un dels principals papers de les matem\u00e0tiques \u00e9s ajudar a organitzar el pensament.<br \/>\nLes situacions de la vida quotidiana s\u00f3n el millor punt de partida per posar en joc continguts matem\u00e0tics. \u00c9s en aquestes situacions en qu\u00e8 es podr\u00e0 observar com l\u2019infant aplica estrat\u00e8gies matem\u00e0tiques&hellip;  <a href=\"https:\/\/agora.xtec.cat\/escolalavilapalamos\/general\/el-mon-matematic-a-p4\/\" title=\"Read El m\u00f3n matem\u00e0tic a P4\">Llegeix m\u00e9s\u00bb<\/a><\/p>\n","protected":false},"author":128,"featured_media":11304,"comment_status":"open","ping_status":"closed","sticky":false,"template":"","format":"standard","meta":{"_bbp_topic_count":0,"_bbp_reply_count":0,"_bbp_total_topic_count":0,"_bbp_total_reply_count":0,"_bbp_voice_count":0,"_bbp_anonymous_reply_count":0,"_bbp_topic_count_hidden":0,"_bbp_reply_count_hidden":0,"_bbp_forum_subforum_count":0,"footnotes":""},"categories":[2,1,4],"tags":[],"class_list":["post-11299","post","type-post","status-publish","format-standard","has-post-thumbnail","hentry","category-infantil","category-general","category-portada"],"post_mailing_queue_ids":[],"_links":{"self":[{"href":"https:\/\/agora.xtec.cat\/escolalavilapalamos\/wp-json\/wp\/v2\/posts\/11299","targetHints":{"allow":["GET"]}}],"collection":[{"href":"https:\/\/agora.xtec.cat\/escolalavilapalamos\/wp-json\/wp\/v2\/posts"}],"about":[{"href":"https:\/\/agora.xtec.cat\/escolalavilapalamos\/wp-json\/wp\/v2\/types\/post"}],"author":[{"embeddable":true,"href":"https:\/\/agora.xtec.cat\/escolalavilapalamos\/wp-json\/wp\/v2\/users\/128"}],"replies":[{"embeddable":true,"href":"https:\/\/agora.xtec.cat\/escolalavilapalamos\/wp-json\/wp\/v2\/comments?post=11299"}],"version-history":[{"count":3,"href":"https:\/\/agora.xtec.cat\/escolalavilapalamos\/wp-json\/wp\/v2\/posts\/11299\/revisions"}],"predecessor-version":[{"id":11334,"href":"https:\/\/agora.xtec.cat\/escolalavilapalamos\/wp-json\/wp\/v2\/posts\/11299\/revisions\/11334"}],"wp:featuredmedia":[{"embeddable":true,"href":"https:\/\/agora.xtec.cat\/escolalavilapalamos\/wp-json\/wp\/v2\/media\/11304"}],"wp:attachment":[{"href":"https:\/\/agora.xtec.cat\/escolalavilapalamos\/wp-json\/wp\/v2\/media?parent=11299"}],"wp:term":[{"taxonomy":"category","embeddable":true,"href":"https:\/\/agora.xtec.cat\/escolalavilapalamos\/wp-json\/wp\/v2\/categories?post=11299"},{"taxonomy":"post_tag","embeddable":true,"href":"https:\/\/agora.xtec.cat\/escolalavilapalamos\/wp-json\/wp\/v2\/tags?post=11299"}],"curies":[{"name":"wp","href":"https:\/\/api.w.org\/{rel}","templated":true}]}}