{"id":11297,"date":"2022-04-07T10:10:30","date_gmt":"2022-04-07T08:10:30","guid":{"rendered":"https:\/\/agora.xtec.cat\/escolalavilapalamos\/?p=11297"},"modified":"2022-04-18T10:13:47","modified_gmt":"2022-04-18T08:13:47","slug":"assagem-teatre-musical-a-6e","status":"publish","type":"post","link":"https:\/\/agora.xtec.cat\/escolalavilapalamos\/general\/assagem-teatre-musical-a-6e\/","title":{"rendered":"Assagem Teatre musical a 6\u00e8"},"content":{"rendered":"<p>Amb motiu dels <strong>250\u00e8 aniversari del naixement de Beethoven<\/strong> els grups de 6\u00e8 hem estat treballant aquest gran m\u00fasic. Ara ja estem arribant al final del nostre <strong>projecte de treball a m\u00fasica amb una obra de teatre musical<\/strong> basada en fets reals de la vida de <strong>L.V. Beethoven<\/strong>.<\/p>\n<p>Deixem aqu\u00ed imatges del darrer assaig a la nostra sala d&#8217;actes de l&#8217;escola. I molt aviat podreu gaudir-la amb nosaltres a La Gorga.<\/p>\n<p><iframe loading=\"lazy\" src=\"\/\/www.youtube.com\/embed\/USZTD9ib2SE\" width=\"560\" height=\"314\" allowfullscreen=\"allowfullscreen\"><\/iframe><\/p>\n","protected":false},"excerpt":{"rendered":"<p>Amb motiu dels 250\u00e8 aniversari del naixement de Beethoven els grups de 6\u00e8 hem estat treballant aquest gran m\u00fasic. Ara ja estem arribant al final del nostre projecte de treball a m\u00fasica amb una obra de teatre musical basada en fets reals de la vida&hellip;  <a href=\"https:\/\/agora.xtec.cat\/escolalavilapalamos\/general\/assagem-teatre-musical-a-6e\/\" title=\"Read Assagem Teatre musical a 6\u00e8\">Llegeix m\u00e9s\u00bb<\/a><\/p>\n","protected":false},"author":5,"featured_media":11329,"comment_status":"open","ping_status":"closed","sticky":false,"template":"","format":"standard","meta":{"_bbp_topic_count":0,"_bbp_reply_count":0,"_bbp_total_topic_count":0,"_bbp_total_reply_count":0,"_bbp_voice_count":0,"_bbp_anonymous_reply_count":0,"_bbp_topic_count_hidden":0,"_bbp_reply_count_hidden":0,"_bbp_forum_subforum_count":0,"footnotes":""},"categories":[1,68,4,5],"tags":[],"class_list":["post-11297","post","type-post","status-publish","format-standard","has-post-thumbnail","hentry","category-general","category-musica","category-portada","category-primaria"],"post_mailing_queue_ids":[],"_links":{"self":[{"href":"https:\/\/agora.xtec.cat\/escolalavilapalamos\/wp-json\/wp\/v2\/posts\/11297","targetHints":{"allow":["GET"]}}],"collection":[{"href":"https:\/\/agora.xtec.cat\/escolalavilapalamos\/wp-json\/wp\/v2\/posts"}],"about":[{"href":"https:\/\/agora.xtec.cat\/escolalavilapalamos\/wp-json\/wp\/v2\/types\/post"}],"author":[{"embeddable":true,"href":"https:\/\/agora.xtec.cat\/escolalavilapalamos\/wp-json\/wp\/v2\/users\/5"}],"replies":[{"embeddable":true,"href":"https:\/\/agora.xtec.cat\/escolalavilapalamos\/wp-json\/wp\/v2\/comments?post=11297"}],"version-history":[{"count":2,"href":"https:\/\/agora.xtec.cat\/escolalavilapalamos\/wp-json\/wp\/v2\/posts\/11297\/revisions"}],"predecessor-version":[{"id":11330,"href":"https:\/\/agora.xtec.cat\/escolalavilapalamos\/wp-json\/wp\/v2\/posts\/11297\/revisions\/11330"}],"wp:featuredmedia":[{"embeddable":true,"href":"https:\/\/agora.xtec.cat\/escolalavilapalamos\/wp-json\/wp\/v2\/media\/11329"}],"wp:attachment":[{"href":"https:\/\/agora.xtec.cat\/escolalavilapalamos\/wp-json\/wp\/v2\/media?parent=11297"}],"wp:term":[{"taxonomy":"category","embeddable":true,"href":"https:\/\/agora.xtec.cat\/escolalavilapalamos\/wp-json\/wp\/v2\/categories?post=11297"},{"taxonomy":"post_tag","embeddable":true,"href":"https:\/\/agora.xtec.cat\/escolalavilapalamos\/wp-json\/wp\/v2\/tags?post=11297"}],"curies":[{"name":"wp","href":"https:\/\/api.w.org\/{rel}","templated":true}]}}