{"id":11295,"date":"2022-04-07T11:22:46","date_gmt":"2022-04-07T09:22:46","guid":{"rendered":"https:\/\/agora.xtec.cat\/escolalavilapalamos\/?p=11295"},"modified":"2022-04-07T11:22:46","modified_gmt":"2022-04-07T09:22:46","slug":"setmana-santa-2022","status":"publish","type":"post","link":"https:\/\/agora.xtec.cat\/escolalavilapalamos\/general\/setmana-santa-2022\/","title":{"rendered":"Setmana Santa 2022"},"content":{"rendered":"<header class=\"entry-header\"><\/header>\n<div class=\"entry-content\">\n<p><a href=\"http:\/\/agora.xtec.cat\/escolalavilapalamos\/wp-content\/uploads\/usu897\/2018\/03\/easter-eggs.jpg\"><img loading=\"lazy\" decoding=\"async\" class=\"wp-image-2645 alignright\" src=\"http:\/\/agora.xtec.cat\/escolalavilapalamos\/wp-content\/uploads\/usu897\/2018\/03\/easter-eggs.jpg\" sizes=\"auto, (max-width: 321px) 100vw, 321px\" srcset=\"https:\/\/agora.xtec.cat\/escolalavilapalamos\/wp-content\/uploads\/usu897\/2018\/03\/easter-eggs.jpg 529w, https:\/\/agora.xtec.cat\/escolalavilapalamos\/wp-content\/uploads\/usu897\/2018\/03\/easter-eggs-300x221.jpg 300w\" alt=\"\" width=\"321\" height=\"237\" \/><\/a>Benvolgudes fam\u00edlies, acaba el segon trimestre del curs 2021-22.<\/p>\n<p>Un trimestre llarg i intens. El vam comen\u00e7ar amb intensitat aguantant l&#8217;onada de l&#8217;\u00f2micron, per\u00f2 l&#8217;acabem amb col\u00f2nies, sortides i excursions&#8230; i amb el final de la mascareta a les aules ben a prop.<\/p>\n<p>Ara venen uns dies per descansar i agafar forces pel darrer tram del curs<\/p>\n<p><strong>Les vacances de Setmana Santa s\u00f3n de dissabte 9 al dilluns 18 d\u2019abril (ambd\u00f3s inclosos)<\/strong>.<\/p>\n<p>Ens retrobem a l\u2019escola <strong>dimarts 19 d\u2019abril en l\u2019horari habitual.<\/strong><\/p>\n<p>Bones vacances !<\/p>\n<\/div>\n","protected":false},"excerpt":{"rendered":"<p><a href=\"http:\/\/agora.xtec.cat\/escolalavilapalamos\/wp-content\/uploads\/usu897\/2018\/03\/easter-eggs.jpg\"><\/a>Benvolgudes fam\u00edlies, acaba el segon trimestre del curs 2021-22.<br \/>\nUn trimestre llarg i intens. El vam comen\u00e7ar amb intensitat aguantant l&#8217;onada de l&#8217;\u00f2micron, per\u00f2 l&#8217;acabem amb col\u00f2nies, sortides i excursions&#8230; i amb el final de la mascareta a les aules ben a prop.<br \/>\nAra venen uns&hellip;  <a href=\"https:\/\/agora.xtec.cat\/escolalavilapalamos\/general\/setmana-santa-2022\/\" title=\"Read Setmana Santa 2022\">Llegeix m\u00e9s\u00bb<\/a><\/p>\n","protected":false},"author":1,"featured_media":9200,"comment_status":"open","ping_status":"closed","sticky":false,"template":"","format":"standard","meta":{"_bbp_topic_count":0,"_bbp_reply_count":0,"_bbp_total_topic_count":0,"_bbp_total_reply_count":0,"_bbp_voice_count":0,"_bbp_anonymous_reply_count":0,"_bbp_topic_count_hidden":0,"_bbp_reply_count_hidden":0,"_bbp_forum_subforum_count":0,"footnotes":""},"categories":[1,4],"tags":[],"class_list":["post-11295","post","type-post","status-publish","format-standard","has-post-thumbnail","hentry","category-general","category-portada"],"post_mailing_queue_ids":[],"_links":{"self":[{"href":"https:\/\/agora.xtec.cat\/escolalavilapalamos\/wp-json\/wp\/v2\/posts\/11295","targetHints":{"allow":["GET"]}}],"collection":[{"href":"https:\/\/agora.xtec.cat\/escolalavilapalamos\/wp-json\/wp\/v2\/posts"}],"about":[{"href":"https:\/\/agora.xtec.cat\/escolalavilapalamos\/wp-json\/wp\/v2\/types\/post"}],"author":[{"embeddable":true,"href":"https:\/\/agora.xtec.cat\/escolalavilapalamos\/wp-json\/wp\/v2\/users\/1"}],"replies":[{"embeddable":true,"href":"https:\/\/agora.xtec.cat\/escolalavilapalamos\/wp-json\/wp\/v2\/comments?post=11295"}],"version-history":[{"count":1,"href":"https:\/\/agora.xtec.cat\/escolalavilapalamos\/wp-json\/wp\/v2\/posts\/11295\/revisions"}],"predecessor-version":[{"id":11296,"href":"https:\/\/agora.xtec.cat\/escolalavilapalamos\/wp-json\/wp\/v2\/posts\/11295\/revisions\/11296"}],"wp:featuredmedia":[{"embeddable":true,"href":"https:\/\/agora.xtec.cat\/escolalavilapalamos\/wp-json\/wp\/v2\/media\/9200"}],"wp:attachment":[{"href":"https:\/\/agora.xtec.cat\/escolalavilapalamos\/wp-json\/wp\/v2\/media?parent=11295"}],"wp:term":[{"taxonomy":"category","embeddable":true,"href":"https:\/\/agora.xtec.cat\/escolalavilapalamos\/wp-json\/wp\/v2\/categories?post=11295"},{"taxonomy":"post_tag","embeddable":true,"href":"https:\/\/agora.xtec.cat\/escolalavilapalamos\/wp-json\/wp\/v2\/tags?post=11295"}],"curies":[{"name":"wp","href":"https:\/\/api.w.org\/{rel}","templated":true}]}}