{"id":11284,"date":"2022-04-01T15:00:41","date_gmt":"2022-04-01T13:00:41","guid":{"rendered":"https:\/\/agora.xtec.cat\/escolalavilapalamos\/?p=11284"},"modified":"2022-04-04T00:12:32","modified_gmt":"2022-04-03T22:12:32","slug":"jornada-de-patis-i-dinar-a-lescola","status":"publish","type":"post","link":"https:\/\/agora.xtec.cat\/escolalavilapalamos\/general\/jornada-de-patis-i-dinar-a-lescola\/","title":{"rendered":"Jornada de patis i dinar a l&#8217;escola"},"content":{"rendered":"<p><strong>El proper diumenge 24 d&#8217;abril l&#8217;escola organitza una jornada de treball als patis i espais exteriors del centre. <a href=\"https:\/\/agora.xtec.cat\/escolalavilapalamos\/wp-content\/uploads\/usu897\/2022\/04\/WhatsApp-Image-2022-04-01-at-19.49.58.jpeg\"><img loading=\"lazy\" decoding=\"async\" class=\" wp-image-11285 alignright\" src=\"https:\/\/agora.xtec.cat\/escolalavilapalamos\/wp-content\/uploads\/usu897\/2022\/04\/WhatsApp-Image-2022-04-01-at-19.49.58-216x300.jpeg\" alt=\"\" width=\"246\" height=\"342\" srcset=\"https:\/\/agora.xtec.cat\/escolalavilapalamos\/wp-content\/uploads\/usu897\/2022\/04\/WhatsApp-Image-2022-04-01-at-19.49.58-216x300.jpeg 216w, https:\/\/agora.xtec.cat\/escolalavilapalamos\/wp-content\/uploads\/usu897\/2022\/04\/WhatsApp-Image-2022-04-01-at-19.49.58-738x1024.jpeg 738w, https:\/\/agora.xtec.cat\/escolalavilapalamos\/wp-content\/uploads\/usu897\/2022\/04\/WhatsApp-Image-2022-04-01-at-19.49.58.jpeg 750w\" sizes=\"auto, (max-width: 246px) 100vw, 246px\" \/><\/a><\/strong><\/p>\n<p>La Comissi\u00f3 de 5\u00e8, prepara una arrossada al migdia.<\/p>\n<p>Tothom que disposi d&#8217;eines de fusteria, taladro, carretilla, polidora&#8230; Us agrair\u00edem les port\u00e9ssiu el mateix dia de la trobada.<\/p>\n<p>Comissi\u00f3 Espais Exteriors i Comissi\u00f3 fam\u00edlies de 5\u00e8<\/p>\n","protected":false},"excerpt":{"rendered":"<p>El proper diumenge 24 d&#8217;abril l&#8217;escola organitza una jornada de treball als patis i espais exteriors del centre. <a href=\"https:\/\/agora.xtec.cat\/escolalavilapalamos\/wp-content\/uploads\/usu897\/2022\/04\/WhatsApp-Image-2022-04-01-at-19.49.58.jpeg\"><\/a><br \/>\nLa Comissi\u00f3 de 5\u00e8, prepara una arrossada al migdia.<br \/>\nTothom que disposi d&#8217;eines de fusteria, taladro, carretilla, polidora&#8230; Us agrair\u00edem les port\u00e9ssiu el mateix dia de la&hellip;  <a href=\"https:\/\/agora.xtec.cat\/escolalavilapalamos\/general\/jornada-de-patis-i-dinar-a-lescola\/\" title=\"Read Jornada de patis i dinar a l&#8217;escola\">Llegeix m\u00e9s\u00bb<\/a><\/p>\n","protected":false},"author":1,"featured_media":11285,"comment_status":"open","ping_status":"closed","sticky":false,"template":"","format":"standard","meta":{"_bbp_topic_count":0,"_bbp_reply_count":0,"_bbp_total_topic_count":0,"_bbp_total_reply_count":0,"_bbp_voice_count":0,"_bbp_anonymous_reply_count":0,"_bbp_topic_count_hidden":0,"_bbp_reply_count_hidden":0,"_bbp_forum_subforum_count":0,"footnotes":""},"categories":[123,1,4],"tags":[],"class_list":["post-11284","post","type-post","status-publish","format-standard","has-post-thumbnail","hentry","category-patis","category-general","category-portada"],"post_mailing_queue_ids":[],"_links":{"self":[{"href":"https:\/\/agora.xtec.cat\/escolalavilapalamos\/wp-json\/wp\/v2\/posts\/11284","targetHints":{"allow":["GET"]}}],"collection":[{"href":"https:\/\/agora.xtec.cat\/escolalavilapalamos\/wp-json\/wp\/v2\/posts"}],"about":[{"href":"https:\/\/agora.xtec.cat\/escolalavilapalamos\/wp-json\/wp\/v2\/types\/post"}],"author":[{"embeddable":true,"href":"https:\/\/agora.xtec.cat\/escolalavilapalamos\/wp-json\/wp\/v2\/users\/1"}],"replies":[{"embeddable":true,"href":"https:\/\/agora.xtec.cat\/escolalavilapalamos\/wp-json\/wp\/v2\/comments?post=11284"}],"version-history":[{"count":1,"href":"https:\/\/agora.xtec.cat\/escolalavilapalamos\/wp-json\/wp\/v2\/posts\/11284\/revisions"}],"predecessor-version":[{"id":11286,"href":"https:\/\/agora.xtec.cat\/escolalavilapalamos\/wp-json\/wp\/v2\/posts\/11284\/revisions\/11286"}],"wp:featuredmedia":[{"embeddable":true,"href":"https:\/\/agora.xtec.cat\/escolalavilapalamos\/wp-json\/wp\/v2\/media\/11285"}],"wp:attachment":[{"href":"https:\/\/agora.xtec.cat\/escolalavilapalamos\/wp-json\/wp\/v2\/media?parent=11284"}],"wp:term":[{"taxonomy":"category","embeddable":true,"href":"https:\/\/agora.xtec.cat\/escolalavilapalamos\/wp-json\/wp\/v2\/categories?post=11284"},{"taxonomy":"post_tag","embeddable":true,"href":"https:\/\/agora.xtec.cat\/escolalavilapalamos\/wp-json\/wp\/v2\/tags?post=11284"}],"curies":[{"name":"wp","href":"https:\/\/api.w.org\/{rel}","templated":true}]}}