{"id":11282,"date":"2022-04-07T10:20:23","date_gmt":"2022-04-07T08:20:23","guid":{"rendered":"https:\/\/agora.xtec.cat\/escolalavilapalamos\/?p=11282"},"modified":"2022-04-18T10:31:51","modified_gmt":"2022-04-18T08:31:51","slug":"planetes-a-p5","status":"publish","type":"post","link":"https:\/\/agora.xtec.cat\/escolalavilapalamos\/general\/planetes-a-p5\/","title":{"rendered":"Planetes a P5"},"content":{"rendered":"<p><a href=\"https:\/\/photos.app.goo.gl\/i4Kh761sfeCkjtXD6\"><img loading=\"lazy\" decoding=\"async\" class=\" wp-image-11291 alignright\" src=\"https:\/\/agora.xtec.cat\/escolalavilapalamos\/wp-content\/uploads\/usu897\/2022\/04\/20220314_092226-1-300x225.jpg\" alt=\"\" width=\"355\" height=\"266\" srcset=\"https:\/\/agora.xtec.cat\/escolalavilapalamos\/wp-content\/uploads\/usu897\/2022\/04\/20220314_092226-1-300x225.jpg 300w, https:\/\/agora.xtec.cat\/escolalavilapalamos\/wp-content\/uploads\/usu897\/2022\/04\/20220314_092226-1-1024x768.jpg 1024w, https:\/\/agora.xtec.cat\/escolalavilapalamos\/wp-content\/uploads\/usu897\/2022\/04\/20220314_092226-1-768x576.jpg 768w, https:\/\/agora.xtec.cat\/escolalavilapalamos\/wp-content\/uploads\/usu897\/2022\/04\/20220314_092226-1-1536x1152.jpg 1536w, https:\/\/agora.xtec.cat\/escolalavilapalamos\/wp-content\/uploads\/usu897\/2022\/04\/20220314_092226-1-2048x1536.jpg 2048w, https:\/\/agora.xtec.cat\/escolalavilapalamos\/wp-content\/uploads\/usu897\/2022\/04\/20220314_092226-1-200x150.jpg 200w\" sizes=\"auto, (max-width: 355px) 100vw, 355px\" \/><\/a>La Laia ens ha portat una lluna de paper maix\u00e9\u00a0 a la capsa sorpresa. Ens ha agradat tant que hem decidit provar de fer-ne nosaltres. Aix\u00ed que hem demanat a les fam\u00edlies paper de diari i ens hem posat a la feina.<\/p>\n<p>Primer estripar paper, molt de paper de diari . Un cop tenim el cubell ple, remullem el paper amb aigua t\u00e8bia. Despr\u00e9s en fem una pasta amb la batedora i en acabat recobrim globus de diferents mides. Aquesta tasca l&#8217;hem repetit v\u00e0ries vegades. Un cop secs els pintem.<\/p>\n<p>Tamb\u00e9 hem apr\u00e9s quins s\u00f3n <strong>els planetes del Sistema Solar<\/strong>. Quins estan m\u00e9s a prop del Sol i quins s\u00f3n els m\u00e9s grans i quins s\u00f3n els m\u00e9s petits. Hem parlat de la Terra, de com es mou. La translaci\u00f3 \u00e9s el moviment que fa la Terra al voltant del Sol. El moviment de rotaci\u00f3 \u00e9s el que fa la Terra sobre s\u00ed mateixa.<\/p>\n<p><em>Cliqueu a la foto per veure totes les fotos<\/em><\/p>\n","protected":false},"excerpt":{"rendered":"<p><a href=\"https:\/\/photos.app.goo.gl\/i4Kh761sfeCkjtXD6\"><\/a>La Laia ens ha portat una lluna de paper maix\u00e9\u00a0 a la capsa sorpresa. Ens ha agradat tant que hem decidit provar de fer-ne nosaltres. Aix\u00ed que hem demanat a les fam\u00edlies paper de diari i ens hem posat a la feina.<br \/>\nPrimer estripar paper,&hellip;  <a href=\"https:\/\/agora.xtec.cat\/escolalavilapalamos\/general\/planetes-a-p5\/\" title=\"Read Planetes a P5\">Llegeix m\u00e9s\u00bb<\/a><\/p>\n","protected":false},"author":128,"featured_media":11291,"comment_status":"open","ping_status":"closed","sticky":false,"template":"","format":"standard","meta":{"_bbp_topic_count":0,"_bbp_reply_count":0,"_bbp_total_topic_count":0,"_bbp_total_reply_count":0,"_bbp_voice_count":0,"_bbp_anonymous_reply_count":0,"_bbp_topic_count_hidden":0,"_bbp_reply_count_hidden":0,"_bbp_forum_subforum_count":0,"footnotes":""},"categories":[2,1,4],"tags":[],"class_list":["post-11282","post","type-post","status-publish","format-standard","has-post-thumbnail","hentry","category-infantil","category-general","category-portada"],"post_mailing_queue_ids":[],"_links":{"self":[{"href":"https:\/\/agora.xtec.cat\/escolalavilapalamos\/wp-json\/wp\/v2\/posts\/11282","targetHints":{"allow":["GET"]}}],"collection":[{"href":"https:\/\/agora.xtec.cat\/escolalavilapalamos\/wp-json\/wp\/v2\/posts"}],"about":[{"href":"https:\/\/agora.xtec.cat\/escolalavilapalamos\/wp-json\/wp\/v2\/types\/post"}],"author":[{"embeddable":true,"href":"https:\/\/agora.xtec.cat\/escolalavilapalamos\/wp-json\/wp\/v2\/users\/128"}],"replies":[{"embeddable":true,"href":"https:\/\/agora.xtec.cat\/escolalavilapalamos\/wp-json\/wp\/v2\/comments?post=11282"}],"version-history":[{"count":3,"href":"https:\/\/agora.xtec.cat\/escolalavilapalamos\/wp-json\/wp\/v2\/posts\/11282\/revisions"}],"predecessor-version":[{"id":11333,"href":"https:\/\/agora.xtec.cat\/escolalavilapalamos\/wp-json\/wp\/v2\/posts\/11282\/revisions\/11333"}],"wp:featuredmedia":[{"embeddable":true,"href":"https:\/\/agora.xtec.cat\/escolalavilapalamos\/wp-json\/wp\/v2\/media\/11291"}],"wp:attachment":[{"href":"https:\/\/agora.xtec.cat\/escolalavilapalamos\/wp-json\/wp\/v2\/media?parent=11282"}],"wp:term":[{"taxonomy":"category","embeddable":true,"href":"https:\/\/agora.xtec.cat\/escolalavilapalamos\/wp-json\/wp\/v2\/categories?post=11282"},{"taxonomy":"post_tag","embeddable":true,"href":"https:\/\/agora.xtec.cat\/escolalavilapalamos\/wp-json\/wp\/v2\/tags?post=11282"}],"curies":[{"name":"wp","href":"https:\/\/api.w.org\/{rel}","templated":true}]}}