{"id":11263,"date":"2022-03-28T23:52:57","date_gmt":"2022-03-28T21:52:57","guid":{"rendered":"https:\/\/agora.xtec.cat\/escolalavilapalamos\/?p=11263"},"modified":"2022-03-31T00:52:41","modified_gmt":"2022-03-30T22:52:41","slug":"preinscripcio-fora-de-termini-curs-22-23","status":"publish","type":"post","link":"https:\/\/agora.xtec.cat\/escolalavilapalamos\/general\/preinscripcio-fora-de-termini-curs-22-23\/","title":{"rendered":"Preinscripci\u00f3 fora de termini curs 22-23"},"content":{"rendered":"<p>La preinscripci\u00f3 escolar del curs 22-23 ha estat del<strong> 7 al 21 de mar\u00e7 de 2021 ambd\u00f3s inclosos. Una vegada passat el per\u00edode de preinscripci\u00f3 establert s&#8217;obre un nou per\u00edode per poder fer la preinscripci\u00f3 fora de termini. Del dilluns 28 de mar\u00e7 al dijous 28 d&#8217;abril. \u00e7<\/strong><\/p>\n<p><strong>Passat aquest per\u00edode cal dirigir-se a l&#8217;Oficina Municipal d&#8217;Empadronament. Casa Montaner. Adre\u00e7a Parc dels Pa\u00efsos Catalans, 3. Palam\u00f3s<\/strong><\/p>\n<p>Totes les sol\u00b7licituds s\u00f3n en format telem\u00e0tic en aquests enlla\u00e7os: <a href=\"https:\/\/preinscripcio.gencat.cat\/ca\/estudis\/infantil-3-6\/preinscriute\/sollicitud\/\">Educaci\u00f3 infantil (P3-P4 i P5)<\/a> o <a href=\"http:\/\/educacio.gencat.cat\/ca\/tramits\/tramits-temes\/20483-obligatoris?moda=2\">Educaci\u00f3 Prim\u00e0ria (1r, 2n, 3r, 4t, 5\u00e8 i 6\u00e8)<\/a>. <em>No es pot presentar cap preinscripci\u00f3 en paper a la secretaria de l&#8217;escola<\/em><\/p>\n<p>No cal lliurar cap documentaci\u00f3 presencialment al centre educatiu que indiqueu en primera opci\u00f3.<\/p>\n<p><a href=\"https:\/\/drive.google.com\/file\/d\/1JNlBjSVy-3EFnhJ4lUVHvKekFbF0lw5G\/view?usp=sharing\">Calendari del proc\u00e9s de preinscripci\u00f3<\/a><\/p>\n<p>M\u00e9s informaci\u00f3 a <a href=\"https:\/\/preinscripcio.gencat.cat\/ca\/inici\">la web de la preinscripci\u00f3 del Departament d\u2019Educaci\u00f3<\/a> de la Generalitat de Catalunya.<\/p>\n<h6><a href=\"https:\/\/dogc.gencat.cat\/ca\/document-del-dogc\/?documentId=894935\">RESOLUCI\u00d3 EDU\/596\/2021, de 2 de mar\u00e7, per la qual s\u2019aproven les normes de preinscripci\u00f3 i matr\u00edcula d\u2019alumnes als centres del Servei d\u2019Educaci\u00f3 de Catalunya i altres centres educatius, en els diversos ensenyaments sostinguts amb fons p\u00fablics, per al curs 2021-2022.<\/a><\/h6>\n","protected":false},"excerpt":{"rendered":"<p>La preinscripci\u00f3 escolar del curs 22-23 ha estat del 7 al 21 de mar\u00e7 de 2021 ambd\u00f3s inclosos. Una vegada passat el per\u00edode de preinscripci\u00f3 establert s&#8217;obre un nou per\u00edode per poder fer la preinscripci\u00f3 fora de termini. Del dilluns 28 de mar\u00e7 al dijous&hellip;  <a href=\"https:\/\/agora.xtec.cat\/escolalavilapalamos\/general\/preinscripcio-fora-de-termini-curs-22-23\/\" title=\"Read Preinscripci\u00f3 fora de termini curs 22-23\">Llegeix m\u00e9s\u00bb<\/a><\/p>\n","protected":false},"author":1,"featured_media":11130,"comment_status":"open","ping_status":"closed","sticky":false,"template":"","format":"standard","meta":{"_bbp_topic_count":0,"_bbp_reply_count":0,"_bbp_total_topic_count":0,"_bbp_total_reply_count":0,"_bbp_voice_count":0,"_bbp_anonymous_reply_count":0,"_bbp_topic_count_hidden":0,"_bbp_reply_count_hidden":0,"_bbp_forum_subforum_count":0,"footnotes":""},"categories":[1,4],"tags":[],"class_list":["post-11263","post","type-post","status-publish","format-standard","has-post-thumbnail","hentry","category-general","category-portada"],"post_mailing_queue_ids":[],"_links":{"self":[{"href":"https:\/\/agora.xtec.cat\/escolalavilapalamos\/wp-json\/wp\/v2\/posts\/11263","targetHints":{"allow":["GET"]}}],"collection":[{"href":"https:\/\/agora.xtec.cat\/escolalavilapalamos\/wp-json\/wp\/v2\/posts"}],"about":[{"href":"https:\/\/agora.xtec.cat\/escolalavilapalamos\/wp-json\/wp\/v2\/types\/post"}],"author":[{"embeddable":true,"href":"https:\/\/agora.xtec.cat\/escolalavilapalamos\/wp-json\/wp\/v2\/users\/1"}],"replies":[{"embeddable":true,"href":"https:\/\/agora.xtec.cat\/escolalavilapalamos\/wp-json\/wp\/v2\/comments?post=11263"}],"version-history":[{"count":2,"href":"https:\/\/agora.xtec.cat\/escolalavilapalamos\/wp-json\/wp\/v2\/posts\/11263\/revisions"}],"predecessor-version":[{"id":11281,"href":"https:\/\/agora.xtec.cat\/escolalavilapalamos\/wp-json\/wp\/v2\/posts\/11263\/revisions\/11281"}],"wp:featuredmedia":[{"embeddable":true,"href":"https:\/\/agora.xtec.cat\/escolalavilapalamos\/wp-json\/wp\/v2\/media\/11130"}],"wp:attachment":[{"href":"https:\/\/agora.xtec.cat\/escolalavilapalamos\/wp-json\/wp\/v2\/media?parent=11263"}],"wp:term":[{"taxonomy":"category","embeddable":true,"href":"https:\/\/agora.xtec.cat\/escolalavilapalamos\/wp-json\/wp\/v2\/categories?post=11263"},{"taxonomy":"post_tag","embeddable":true,"href":"https:\/\/agora.xtec.cat\/escolalavilapalamos\/wp-json\/wp\/v2\/tags?post=11263"}],"curies":[{"name":"wp","href":"https:\/\/api.w.org\/{rel}","templated":true}]}}