{"id":11253,"date":"2022-03-25T00:09:17","date_gmt":"2022-03-24T23:09:17","guid":{"rendered":"https:\/\/agora.xtec.cat\/escolalavilapalamos\/?p=11253"},"modified":"2022-03-29T00:12:37","modified_gmt":"2022-03-28T22:12:37","slug":"educacio-fisica-i-lemocio-de-la-por","status":"publish","type":"post","link":"https:\/\/agora.xtec.cat\/escolalavilapalamos\/general\/educacio-fisica-i-lemocio-de-la-por\/","title":{"rendered":"Educaci\u00f3 F\u00edsica i l&#8217;emoci\u00f3 de la por"},"content":{"rendered":"<p>A primer a Educaci\u00f3 F\u00edsica hem participat en un projecte interdisciplinari d&#8217;aula de <strong>&#8220;Llum i Ombres&#8221;<\/strong> on hem treballat l&#8217;emoci\u00f3 de la por. En rotllana hem compartit quines eren les nostres pors, les hem dibuixat, abra\u00e7at, hem ballat amb elles i l&#8217;hem llen\u00e7at&#8230; <a href=\"https:\/\/photos.app.goo.gl\/hxj4RVrPhrK7KYJc7\">Aqu\u00ed teniu les fotografies i v\u00eddeos, que les gaudiu!!<\/a><\/p>\n<p><img loading=\"lazy\" decoding=\"async\" class=\"aligncenter\" src=\"https:\/\/lh3.googleusercontent.com\/pw\/AM-JKLWwJ05VsaexZEA2TfhtYf4taKX8SPD7erGFJDMN6MUlyrvVFJkbc0JjZYN4Pio8C-tWAHXI4RCdilbGNx7OhkWXaY6SZlX_b1foGKpufc1AG7bx6SC6nDypsjHXPjHIJ-vt_w92UQwZy55N8MVm_N5B=w1042-h781-no?authuser=1\" width=\"644\" height=\"484\" \/><\/p>\n","protected":false},"excerpt":{"rendered":"<p>A primer a Educaci\u00f3 F\u00edsica hem participat en un projecte interdisciplinari d&#8217;aula de &#8220;Llum i Ombres&#8221; on hem treballat l&#8217;emoci\u00f3 de la por. En rotllana hem compartit quines eren les nostres pors, les hem dibuixat, abra\u00e7at, hem ballat amb elles i l&#8217;hem llen\u00e7at&#8230; <a href=\"https:\/\/photos.app.goo.gl\/hxj4RVrPhrK7KYJc7\">Aqu\u00ed&hellip;  <a href=\"https:\/\/agora.xtec.cat\/escolalavilapalamos\/general\/educacio-fisica-i-lemocio-de-la-por\/\" title=\"Read Educaci\u00f3 F\u00edsica i l&#8217;emoci\u00f3 de la por\">Llegeix m\u00e9s\u00bb<\/a><\/p>\n","protected":false},"author":46,"featured_media":11270,"comment_status":"open","ping_status":"closed","sticky":false,"template":"","format":"standard","meta":{"_bbp_topic_count":0,"_bbp_reply_count":0,"_bbp_total_topic_count":0,"_bbp_total_reply_count":0,"_bbp_voice_count":0,"_bbp_anonymous_reply_count":0,"_bbp_topic_count_hidden":0,"_bbp_reply_count_hidden":0,"_bbp_forum_subforum_count":0,"footnotes":""},"categories":[127,70,1,4],"tags":[],"class_list":["post-11253","post","type-post","status-publish","format-standard","has-post-thumbnail","hentry","category-comunitat-de-mitjans","category-efi","category-general","category-portada"],"post_mailing_queue_ids":[],"_links":{"self":[{"href":"https:\/\/agora.xtec.cat\/escolalavilapalamos\/wp-json\/wp\/v2\/posts\/11253","targetHints":{"allow":["GET"]}}],"collection":[{"href":"https:\/\/agora.xtec.cat\/escolalavilapalamos\/wp-json\/wp\/v2\/posts"}],"about":[{"href":"https:\/\/agora.xtec.cat\/escolalavilapalamos\/wp-json\/wp\/v2\/types\/post"}],"author":[{"embeddable":true,"href":"https:\/\/agora.xtec.cat\/escolalavilapalamos\/wp-json\/wp\/v2\/users\/46"}],"replies":[{"embeddable":true,"href":"https:\/\/agora.xtec.cat\/escolalavilapalamos\/wp-json\/wp\/v2\/comments?post=11253"}],"version-history":[{"count":3,"href":"https:\/\/agora.xtec.cat\/escolalavilapalamos\/wp-json\/wp\/v2\/posts\/11253\/revisions"}],"predecessor-version":[{"id":11269,"href":"https:\/\/agora.xtec.cat\/escolalavilapalamos\/wp-json\/wp\/v2\/posts\/11253\/revisions\/11269"}],"wp:featuredmedia":[{"embeddable":true,"href":"https:\/\/agora.xtec.cat\/escolalavilapalamos\/wp-json\/wp\/v2\/media\/11270"}],"wp:attachment":[{"href":"https:\/\/agora.xtec.cat\/escolalavilapalamos\/wp-json\/wp\/v2\/media?parent=11253"}],"wp:term":[{"taxonomy":"category","embeddable":true,"href":"https:\/\/agora.xtec.cat\/escolalavilapalamos\/wp-json\/wp\/v2\/categories?post=11253"},{"taxonomy":"post_tag","embeddable":true,"href":"https:\/\/agora.xtec.cat\/escolalavilapalamos\/wp-json\/wp\/v2\/tags?post=11253"}],"curies":[{"name":"wp","href":"https:\/\/api.w.org\/{rel}","templated":true}]}}