{"id":11249,"date":"2022-03-29T00:20:46","date_gmt":"2022-03-28T22:20:46","guid":{"rendered":"https:\/\/agora.xtec.cat\/escolalavilapalamos\/?p=11249"},"modified":"2022-03-29T00:24:22","modified_gmt":"2022-03-28T22:24:22","slug":"piscina-a-2n-i-3r","status":"publish","type":"post","link":"https:\/\/agora.xtec.cat\/escolalavilapalamos\/general\/piscina-a-2n-i-3r\/","title":{"rendered":"Piscina a 2n i 3r"},"content":{"rendered":"<p>Com cada any els alumnes de 2n han fet un curs de nataci\u00f3 a la piscina mancomunada Mes Gavarres i enguany tamb\u00e9 els alumnes de 3r. Un curs de 10 sessions on s&#8217;han familiaritzat amb el medi aqu\u00e0tic i han treballat la coordinaci\u00f3 de moviments i diferents t\u00e8cniques de nataci\u00f3.<\/p>\n<p>Podeu veure les fotografies de <a href=\"https:\/\/photos.app.goo.gl\/bd91L173t7tRhKr37\">2n<\/a> i <a href=\"https:\/\/photos.app.goo.gl\/cFR2YaYZbH8JASG96\">3r<\/a>.<\/p>\n<p><img loading=\"lazy\" decoding=\"async\" class=\"alignleft\" src=\"https:\/\/lh3.googleusercontent.com\/pw\/AM-JKLUGy9ztA9_PLtWI3JhB-zf7ExECKBKCfBsZ3jmVvRykz0vm34kPWxxuQbake6dum8P_6gXNnlwjFlLhBucK79tr7JDGD-r41RP-1boSBviVn7H4HEBhTIiLnAdq4GikaKcT9837yA5Y9dYbi0eNdZ3Z=w1042-h781-no?authuser=1\" width=\"286\" height=\"214\" \/><img loading=\"lazy\" decoding=\"async\" class=\"alignnone\" style=\"font-family: inherit; font-size: 1em;\" src=\"https:\/\/lh3.googleusercontent.com\/pw\/AM-JKLW_p_QDSkoGQvBCvdsJR5K-Zhgzhjn5y3OEC_B29J6dYho2IpuWmTAqArNsz1HLWs5kzb72CySCugRj-bzoE4D56bHVC1-hPNdiEtN-VAJSBUYDUjJ0_hE8FFBOhuBMDZZukfyZl2tePZGGMi0k3qiG=w586-h781-no?authuser=1\" width=\"190\" height=\"253\" \/><\/p>\n","protected":false},"excerpt":{"rendered":"<p>Com cada any els alumnes de 2n han fet un curs de nataci\u00f3 a la piscina mancomunada Mes Gavarres i enguany tamb\u00e9 els alumnes de 3r. Un curs de 10 sessions on s&#8217;han familiaritzat amb el medi aqu\u00e0tic i han treballat la coordinaci\u00f3 de moviments&hellip;  <a href=\"https:\/\/agora.xtec.cat\/escolalavilapalamos\/general\/piscina-a-2n-i-3r\/\" title=\"Read Piscina a 2n i 3r\">Llegeix m\u00e9s\u00bb<\/a><\/p>\n","protected":false},"author":46,"featured_media":11272,"comment_status":"open","ping_status":"closed","sticky":false,"template":"","format":"standard","meta":{"_bbp_topic_count":0,"_bbp_reply_count":0,"_bbp_total_topic_count":0,"_bbp_total_reply_count":0,"_bbp_voice_count":0,"_bbp_anonymous_reply_count":0,"_bbp_topic_count_hidden":0,"_bbp_reply_count_hidden":0,"_bbp_forum_subforum_count":0,"footnotes":""},"categories":[127,1,4],"tags":[],"class_list":["post-11249","post","type-post","status-publish","format-standard","has-post-thumbnail","hentry","category-comunitat-de-mitjans","category-general","category-portada"],"post_mailing_queue_ids":[],"_links":{"self":[{"href":"https:\/\/agora.xtec.cat\/escolalavilapalamos\/wp-json\/wp\/v2\/posts\/11249","targetHints":{"allow":["GET"]}}],"collection":[{"href":"https:\/\/agora.xtec.cat\/escolalavilapalamos\/wp-json\/wp\/v2\/posts"}],"about":[{"href":"https:\/\/agora.xtec.cat\/escolalavilapalamos\/wp-json\/wp\/v2\/types\/post"}],"author":[{"embeddable":true,"href":"https:\/\/agora.xtec.cat\/escolalavilapalamos\/wp-json\/wp\/v2\/users\/46"}],"replies":[{"embeddable":true,"href":"https:\/\/agora.xtec.cat\/escolalavilapalamos\/wp-json\/wp\/v2\/comments?post=11249"}],"version-history":[{"count":3,"href":"https:\/\/agora.xtec.cat\/escolalavilapalamos\/wp-json\/wp\/v2\/posts\/11249\/revisions"}],"predecessor-version":[{"id":11271,"href":"https:\/\/agora.xtec.cat\/escolalavilapalamos\/wp-json\/wp\/v2\/posts\/11249\/revisions\/11271"}],"wp:featuredmedia":[{"embeddable":true,"href":"https:\/\/agora.xtec.cat\/escolalavilapalamos\/wp-json\/wp\/v2\/media\/11272"}],"wp:attachment":[{"href":"https:\/\/agora.xtec.cat\/escolalavilapalamos\/wp-json\/wp\/v2\/media?parent=11249"}],"wp:term":[{"taxonomy":"category","embeddable":true,"href":"https:\/\/agora.xtec.cat\/escolalavilapalamos\/wp-json\/wp\/v2\/categories?post=11249"},{"taxonomy":"post_tag","embeddable":true,"href":"https:\/\/agora.xtec.cat\/escolalavilapalamos\/wp-json\/wp\/v2\/tags?post=11249"}],"curies":[{"name":"wp","href":"https:\/\/api.w.org\/{rel}","templated":true}]}}