{"id":11227,"date":"2022-03-21T00:04:21","date_gmt":"2022-03-20T23:04:21","guid":{"rendered":"https:\/\/agora.xtec.cat\/escolalavilapalamos\/?p=11227"},"modified":"2022-03-29T00:04:44","modified_gmt":"2022-03-28T22:04:44","slug":"3r-anem-a-pubol","status":"publish","type":"post","link":"https:\/\/agora.xtec.cat\/escolalavilapalamos\/general\/3r-anem-a-pubol\/","title":{"rendered":"3r anem a P\u00fabol"},"content":{"rendered":"<p><a style=\"font-weight: bold; font-family: inherit; font-size: 1em;\" href=\"https:\/\/agora.xtec.cat\/escolalavilapalamos\/wp-content\/uploads\/usu897\/2022\/03\/IMG_20220318_110931-scaled.jpg\"><img loading=\"lazy\" decoding=\"async\" class=\"wp-image-11233 size-medium alignright\" src=\"https:\/\/agora.xtec.cat\/escolalavilapalamos\/wp-content\/uploads\/usu897\/2022\/03\/IMG_20220318_110931-300x225.jpg\" alt=\"\" width=\"300\" height=\"225\" srcset=\"https:\/\/agora.xtec.cat\/escolalavilapalamos\/wp-content\/uploads\/usu897\/2022\/03\/IMG_20220318_110931-300x225.jpg 300w, https:\/\/agora.xtec.cat\/escolalavilapalamos\/wp-content\/uploads\/usu897\/2022\/03\/IMG_20220318_110931-1024x768.jpg 1024w, https:\/\/agora.xtec.cat\/escolalavilapalamos\/wp-content\/uploads\/usu897\/2022\/03\/IMG_20220318_110931-768x576.jpg 768w, https:\/\/agora.xtec.cat\/escolalavilapalamos\/wp-content\/uploads\/usu897\/2022\/03\/IMG_20220318_110931-1536x1152.jpg 1536w, https:\/\/agora.xtec.cat\/escolalavilapalamos\/wp-content\/uploads\/usu897\/2022\/03\/IMG_20220318_110931-2048x1536.jpg 2048w, https:\/\/agora.xtec.cat\/escolalavilapalamos\/wp-content\/uploads\/usu897\/2022\/03\/IMG_20220318_110931-200x150.jpg 200w\" sizes=\"auto, (max-width: 300px) 100vw, 300px\" \/><\/a><\/p>\n<p><strong style=\"font-size: 14px; font-family: inherit;\">Sabeu qu\u00e8 \u00e9s aix\u00f2? Els vostres fills i filles\u00a0 segur que us ho expliquen la mar de b\u00e9!<\/strong><\/p>\n<p>El passat divendres 18 de mar\u00e7, la colla de 3r vam anar a visitar el castell Gala Dal\u00ed a P\u00fabol. Tot i que el temps ens va fer la guitza, va ser un dia ple de descobertes i aventures!<\/p>\n<p>La visita al castell ens va sorprendre a cada sala, vam descobrir moltes curiositats i secrets de la Gala i de Dal\u00ed, i despr\u00e9s de dinar ens vam endinsar al bosc per fer d&#8217;exploradors i exploradores i gaudir de la natura.<\/p>\n<p>Aqu\u00ed teniu un recull d&#8217;aquest gran dia!<\/p>\n<p><a href=\"https:\/\/photos.app.goo.gl\/YgKqoJJmkE5WX9PN9\">Sortida a P\u00fabol 3r.<\/a><\/p>\n","protected":false},"excerpt":{"rendered":"<p><a style=\"font-weight: bold; font-family: inherit; font-size: 1em;\" href=\"https:\/\/agora.xtec.cat\/escolalavilapalamos\/wp-content\/uploads\/usu897\/2022\/03\/IMG_20220318_110931-scaled.jpg\"><\/a><br \/>\nSabeu qu\u00e8 \u00e9s aix\u00f2? Els vostres fills i filles\u00a0 segur que us ho expliquen la mar de b\u00e9!<br \/>\nEl passat divendres 18 de mar\u00e7, la colla de 3r vam anar a visitar el castell Gala Dal\u00ed a P\u00fabol. Tot&hellip;  <a href=\"https:\/\/agora.xtec.cat\/escolalavilapalamos\/general\/3r-anem-a-pubol\/\" title=\"Read 3r anem a P\u00fabol\">Llegeix m\u00e9s\u00bb<\/a><\/p>\n","protected":false},"author":131,"featured_media":11233,"comment_status":"open","ping_status":"closed","sticky":false,"template":"","format":"standard","meta":{"_bbp_topic_count":0,"_bbp_reply_count":0,"_bbp_total_topic_count":0,"_bbp_total_reply_count":0,"_bbp_voice_count":0,"_bbp_anonymous_reply_count":0,"_bbp_topic_count_hidden":0,"_bbp_reply_count_hidden":0,"_bbp_forum_subforum_count":0,"footnotes":""},"categories":[127,1,4],"tags":[],"class_list":["post-11227","post","type-post","status-publish","format-standard","has-post-thumbnail","hentry","category-comunitat-de-mitjans","category-general","category-portada"],"post_mailing_queue_ids":[],"_links":{"self":[{"href":"https:\/\/agora.xtec.cat\/escolalavilapalamos\/wp-json\/wp\/v2\/posts\/11227","targetHints":{"allow":["GET"]}}],"collection":[{"href":"https:\/\/agora.xtec.cat\/escolalavilapalamos\/wp-json\/wp\/v2\/posts"}],"about":[{"href":"https:\/\/agora.xtec.cat\/escolalavilapalamos\/wp-json\/wp\/v2\/types\/post"}],"author":[{"embeddable":true,"href":"https:\/\/agora.xtec.cat\/escolalavilapalamos\/wp-json\/wp\/v2\/users\/131"}],"replies":[{"embeddable":true,"href":"https:\/\/agora.xtec.cat\/escolalavilapalamos\/wp-json\/wp\/v2\/comments?post=11227"}],"version-history":[{"count":3,"href":"https:\/\/agora.xtec.cat\/escolalavilapalamos\/wp-json\/wp\/v2\/posts\/11227\/revisions"}],"predecessor-version":[{"id":11266,"href":"https:\/\/agora.xtec.cat\/escolalavilapalamos\/wp-json\/wp\/v2\/posts\/11227\/revisions\/11266"}],"wp:featuredmedia":[{"embeddable":true,"href":"https:\/\/agora.xtec.cat\/escolalavilapalamos\/wp-json\/wp\/v2\/media\/11233"}],"wp:attachment":[{"href":"https:\/\/agora.xtec.cat\/escolalavilapalamos\/wp-json\/wp\/v2\/media?parent=11227"}],"wp:term":[{"taxonomy":"category","embeddable":true,"href":"https:\/\/agora.xtec.cat\/escolalavilapalamos\/wp-json\/wp\/v2\/categories?post=11227"},{"taxonomy":"post_tag","embeddable":true,"href":"https:\/\/agora.xtec.cat\/escolalavilapalamos\/wp-json\/wp\/v2\/tags?post=11227"}],"curies":[{"name":"wp","href":"https:\/\/api.w.org\/{rel}","templated":true}]}}