{"id":11220,"date":"2022-03-23T00:00:06","date_gmt":"2022-03-22T23:00:06","guid":{"rendered":"https:\/\/agora.xtec.cat\/escolalavilapalamos\/?p=11220"},"modified":"2022-03-29T00:00:30","modified_gmt":"2022-03-28T22:00:30","slug":"expressio-corporal-a-4t","status":"publish","type":"post","link":"https:\/\/agora.xtec.cat\/escolalavilapalamos\/portada\/expressio-corporal-a-4t\/","title":{"rendered":"Expressi\u00f3 corporal a 4t!"},"content":{"rendered":"<p>Durant aquest de mes de mar\u00e7, des de l&#8217;\u00e0rea d&#8217;educaci\u00f3 f\u00edsica l&#8217;alumnat de 4t ha treballat l&#8217;expressi\u00f3 corporal. Han realitzat sessions on han interpretat situacions i sentiments, de forma individual, per equips i tamb\u00e9 han fet equilibris mitjan\u00e7ant l&#8217;acrosport. S&#8217;ho han passat molt b\u00e9 i clicant sobre la fotografia en podreu veure un bon recull d&#8217;aquests moments.<\/p>\n<p><a href=\"https:\/\/photos.app.goo.gl\/EzHp8RQvUDRqctSd8\"><img loading=\"lazy\" decoding=\"async\" class=\"wp-image-11221 aligncenter\" src=\"https:\/\/agora.xtec.cat\/escolalavilapalamos\/wp-content\/uploads\/usu897\/2022\/03\/IMG_20220308_095040-1024x768.jpg\" alt=\"\" width=\"451\" height=\"339\" srcset=\"https:\/\/agora.xtec.cat\/escolalavilapalamos\/wp-content\/uploads\/usu897\/2022\/03\/IMG_20220308_095040-1024x768.jpg 1024w, https:\/\/agora.xtec.cat\/escolalavilapalamos\/wp-content\/uploads\/usu897\/2022\/03\/IMG_20220308_095040-300x225.jpg 300w, https:\/\/agora.xtec.cat\/escolalavilapalamos\/wp-content\/uploads\/usu897\/2022\/03\/IMG_20220308_095040-768x576.jpg 768w, https:\/\/agora.xtec.cat\/escolalavilapalamos\/wp-content\/uploads\/usu897\/2022\/03\/IMG_20220308_095040-1536x1152.jpg 1536w, https:\/\/agora.xtec.cat\/escolalavilapalamos\/wp-content\/uploads\/usu897\/2022\/03\/IMG_20220308_095040-2048x1536.jpg 2048w, https:\/\/agora.xtec.cat\/escolalavilapalamos\/wp-content\/uploads\/usu897\/2022\/03\/IMG_20220308_095040-200x150.jpg 200w\" sizes=\"auto, (max-width: 451px) 100vw, 451px\" \/><\/a><\/p>\n","protected":false},"excerpt":{"rendered":"<p>Durant aquest de mes de mar\u00e7, des de l&#8217;\u00e0rea d&#8217;educaci\u00f3 f\u00edsica l&#8217;alumnat de 4t ha treballat l&#8217;expressi\u00f3 corporal. Han realitzat sessions on han interpretat situacions i sentiments, de forma individual, per equips i tamb\u00e9 han fet equilibris mitjan\u00e7ant l&#8217;acrosport. S&#8217;ho han passat molt b\u00e9 i&hellip;  <a href=\"https:\/\/agora.xtec.cat\/escolalavilapalamos\/portada\/expressio-corporal-a-4t\/\" title=\"Read Expressi\u00f3 corporal a 4t!\">Llegeix m\u00e9s\u00bb<\/a><\/p>\n","protected":false},"author":167,"featured_media":11221,"comment_status":"open","ping_status":"closed","sticky":false,"template":"","format":"standard","meta":{"_bbp_topic_count":0,"_bbp_reply_count":0,"_bbp_total_topic_count":0,"_bbp_total_reply_count":0,"_bbp_voice_count":0,"_bbp_anonymous_reply_count":0,"_bbp_topic_count_hidden":0,"_bbp_reply_count_hidden":0,"_bbp_forum_subforum_count":0,"footnotes":""},"categories":[128,70,67,4,5],"tags":[],"class_list":["post-11220","post","type-post","status-publish","format-standard","has-post-thumbnail","hentry","category-comunitat-de-grans","category-efi","category-especialistes","category-portada","category-primaria"],"post_mailing_queue_ids":[],"_links":{"self":[{"href":"https:\/\/agora.xtec.cat\/escolalavilapalamos\/wp-json\/wp\/v2\/posts\/11220","targetHints":{"allow":["GET"]}}],"collection":[{"href":"https:\/\/agora.xtec.cat\/escolalavilapalamos\/wp-json\/wp\/v2\/posts"}],"about":[{"href":"https:\/\/agora.xtec.cat\/escolalavilapalamos\/wp-json\/wp\/v2\/types\/post"}],"author":[{"embeddable":true,"href":"https:\/\/agora.xtec.cat\/escolalavilapalamos\/wp-json\/wp\/v2\/users\/167"}],"replies":[{"embeddable":true,"href":"https:\/\/agora.xtec.cat\/escolalavilapalamos\/wp-json\/wp\/v2\/comments?post=11220"}],"version-history":[{"count":1,"href":"https:\/\/agora.xtec.cat\/escolalavilapalamos\/wp-json\/wp\/v2\/posts\/11220\/revisions"}],"predecessor-version":[{"id":11222,"href":"https:\/\/agora.xtec.cat\/escolalavilapalamos\/wp-json\/wp\/v2\/posts\/11220\/revisions\/11222"}],"wp:featuredmedia":[{"embeddable":true,"href":"https:\/\/agora.xtec.cat\/escolalavilapalamos\/wp-json\/wp\/v2\/media\/11221"}],"wp:attachment":[{"href":"https:\/\/agora.xtec.cat\/escolalavilapalamos\/wp-json\/wp\/v2\/media?parent=11220"}],"wp:term":[{"taxonomy":"category","embeddable":true,"href":"https:\/\/agora.xtec.cat\/escolalavilapalamos\/wp-json\/wp\/v2\/categories?post=11220"},{"taxonomy":"post_tag","embeddable":true,"href":"https:\/\/agora.xtec.cat\/escolalavilapalamos\/wp-json\/wp\/v2\/tags?post=11220"}],"curies":[{"name":"wp","href":"https:\/\/api.w.org\/{rel}","templated":true}]}}