{"id":11213,"date":"2022-03-29T00:06:11","date_gmt":"2022-03-28T22:06:11","guid":{"rendered":"https:\/\/agora.xtec.cat\/escolalavilapalamos\/?p=11213"},"modified":"2022-03-29T00:09:02","modified_gmt":"2022-03-28T22:09:02","slug":"escalada-a-5e","status":"publish","type":"post","link":"https:\/\/agora.xtec.cat\/escolalavilapalamos\/general\/escalada-a-5e\/","title":{"rendered":"Escalada a 5\u00e8!"},"content":{"rendered":"<p><img loading=\"lazy\" decoding=\"async\" class=\"alignright\" src=\"https:\/\/previews.123rf.com\/images\/lenm\/lenm1403\/lenm140300186\/26494577-illustration-d-un-petit-gar%C3%A7on-habill%C3%A9-en-mur-escalade-%C3%A9chelle-un-mur.jpg\" alt=\"Ilustraci\u00f3n De Un Ni\u00f1o Peque\u00f1o Vestido En La Pared Material De Escalada Escalar Una Pared Fotos, Retratos, Im\u00e1genes Y Fotograf\u00eda De Archivo Libres De Derecho. Image 26494577.\" width=\"211\" height=\"264\" \/><\/p>\n<p>Aquest trimestre l\u2019hem finalitzat realitzant una activitat emocionant i molt motivant. Despr\u00e9s de fer una introducci\u00f3 en aquest esport a trav\u00e9s d\u2019una presentaci\u00f3 on ens van ensenyar que era l\u2019escalada, els tipus d\u2019escalada, el material necessari, etc\u2026 vam realitzar una sessi\u00f3 pr\u00e0ctica a la nau dels 50 metres de Palam\u00f3s. All\u00e0 vam passar un divertit mat\u00ed practicant escalada esportiva i tamb\u00e9 la pr\u00e0ctica del Boulder.<\/p>\n<p>Clicant sobre el curs podreu visualitzar un recull d&#8217;imatges d&#8217;aquesta activitat.<\/p>\n<p style=\"text-align: center;\"><a href=\"https:\/\/photos.app.goo.gl\/QUq5XWowNmwuvtgu8\">5\u00e8 A\u00a0<\/a> \u00a0 \u00a0 <a href=\"https:\/\/photos.app.goo.gl\/KxWYuhbncGPaHG9T7\">5\u00e8 B<\/a><\/p>\n","protected":false},"excerpt":{"rendered":"<p>Aquest trimestre l\u2019hem finalitzat realitzant una activitat emocionant i molt motivant. Despr\u00e9s de fer una introducci\u00f3 en aquest esport a trav\u00e9s d\u2019una presentaci\u00f3 on ens van ensenyar que era l\u2019escalada, els tipus d\u2019escalada, el material necessari, etc\u2026 vam realitzar una sessi\u00f3 pr\u00e0ctica a la nau&hellip;  <a href=\"https:\/\/agora.xtec.cat\/escolalavilapalamos\/general\/escalada-a-5e\/\" title=\"Read Escalada a 5\u00e8!\">Llegeix m\u00e9s\u00bb<\/a><\/p>\n","protected":false},"author":167,"featured_media":11268,"comment_status":"open","ping_status":"closed","sticky":false,"template":"","format":"standard","meta":{"_bbp_topic_count":0,"_bbp_reply_count":0,"_bbp_total_topic_count":0,"_bbp_total_reply_count":0,"_bbp_voice_count":0,"_bbp_anonymous_reply_count":0,"_bbp_topic_count_hidden":0,"_bbp_reply_count_hidden":0,"_bbp_forum_subforum_count":0,"footnotes":""},"categories":[128,70,67,1,4,5],"tags":[],"class_list":["post-11213","post","type-post","status-publish","format-standard","has-post-thumbnail","hentry","category-comunitat-de-grans","category-efi","category-especialistes","category-general","category-portada","category-primaria"],"post_mailing_queue_ids":[],"_links":{"self":[{"href":"https:\/\/agora.xtec.cat\/escolalavilapalamos\/wp-json\/wp\/v2\/posts\/11213","targetHints":{"allow":["GET"]}}],"collection":[{"href":"https:\/\/agora.xtec.cat\/escolalavilapalamos\/wp-json\/wp\/v2\/posts"}],"about":[{"href":"https:\/\/agora.xtec.cat\/escolalavilapalamos\/wp-json\/wp\/v2\/types\/post"}],"author":[{"embeddable":true,"href":"https:\/\/agora.xtec.cat\/escolalavilapalamos\/wp-json\/wp\/v2\/users\/167"}],"replies":[{"embeddable":true,"href":"https:\/\/agora.xtec.cat\/escolalavilapalamos\/wp-json\/wp\/v2\/comments?post=11213"}],"version-history":[{"count":3,"href":"https:\/\/agora.xtec.cat\/escolalavilapalamos\/wp-json\/wp\/v2\/posts\/11213\/revisions"}],"predecessor-version":[{"id":11267,"href":"https:\/\/agora.xtec.cat\/escolalavilapalamos\/wp-json\/wp\/v2\/posts\/11213\/revisions\/11267"}],"wp:featuredmedia":[{"embeddable":true,"href":"https:\/\/agora.xtec.cat\/escolalavilapalamos\/wp-json\/wp\/v2\/media\/11268"}],"wp:attachment":[{"href":"https:\/\/agora.xtec.cat\/escolalavilapalamos\/wp-json\/wp\/v2\/media?parent=11213"}],"wp:term":[{"taxonomy":"category","embeddable":true,"href":"https:\/\/agora.xtec.cat\/escolalavilapalamos\/wp-json\/wp\/v2\/categories?post=11213"},{"taxonomy":"post_tag","embeddable":true,"href":"https:\/\/agora.xtec.cat\/escolalavilapalamos\/wp-json\/wp\/v2\/tags?post=11213"}],"curies":[{"name":"wp","href":"https:\/\/api.w.org\/{rel}","templated":true}]}}