{"id":11210,"date":"2022-03-18T17:16:14","date_gmt":"2022-03-18T16:16:14","guid":{"rendered":"https:\/\/agora.xtec.cat\/escolalavilapalamos\/?p=11210"},"modified":"2022-03-23T11:34:42","modified_gmt":"2022-03-23T10:34:42","slug":"anem-de-colonies","status":"publish","type":"post","link":"https:\/\/agora.xtec.cat\/escolalavilapalamos\/general\/anem-de-colonies\/","title":{"rendered":"Anem de col\u00f2nies"},"content":{"rendered":"<p>Els dies<strong> 30 i 31 de mar\u00e7<\/strong> els nois i noies de <em>4t i 5\u00e8<\/em> anirem de col\u00f2nies a La Granja i el <strong>4 i 5 d&#8217;abril<\/strong> ser\u00e0 el torn de la <em>comunitat de mitjans<\/em>. En tenim moltes ganes !!!<\/p>\n<p>Us deixem un v\u00eddeo per si voleu con\u00e8ixer una mica on anem i el tipus d&#8217;activitats que farem.<\/p>\n<p><iframe loading=\"lazy\" title=\"Curs 2021\/2022 a La Granja | Missatge de la Directora Cristina Guti\u00e9rrez\" width=\"500\" height=\"281\" src=\"https:\/\/www.youtube.com\/embed\/2IFOf914XPE?start=1&#038;feature=oembed\" frameborder=\"0\" allow=\"accelerometer; autoplay; clipboard-write; encrypted-media; gyroscope; picture-in-picture; web-share\" referrerpolicy=\"strict-origin-when-cross-origin\" allowfullscreen><\/iframe><\/p>\n<p style=\"text-align: left;\">Les nenes i els nens de 1r i 2n farem la proposta de<strong> &#8220;L&#8217;hort de la vida&#8221;<\/strong>. Sabeu que si ens mirem per dins, tots tenim un hort? L\u2019objectiu \u00e9s que els alumnes se n\u2019adonin mitjan\u00e7ant la met\u00e0fora, que al final de tot, de tot, nom\u00e9s som una cosa, all\u00f2 que plantem. Entendre les emocions i les habilitats que tenim, i escollir aquelles que volem practicar i interioritzar en aquell Hort de la Vida que tenim dins nostre, ser\u00e0 la missi\u00f3 de les activitats d\u2019aquest Programa.<\/p>\n<p style=\"text-align: left;\">El grup de 3r far\u00e0 <strong>&#8220;L&#8217;aventura dels pirates&#8221;. <\/strong>Aquest programa t\u00e9 com a objectiu fer viure una gran aventura de pirates alhora que es treballa la cohesi\u00f3 de grup, el treball en equip, la superaci\u00f3 de pors i el sentit d\u2019identitat i pertinen\u00e7a al col\u00b7lectiu.<\/p>\n<p style=\"text-align: left;\">Pels nois i noies de 4t tenen preparat <strong>&#8220;La terra dels 5 regnes&#8221;.\u00a0<\/strong>El programa est\u00e0 plantejat com una met\u00e0fora de la recerca de la felicitat, entesa com el benestar al que tots aspirem. La felicitat, la fita que volem assolir es troba al centre de la terra dels cinc regnes. Per arribar-hi caldr\u00e0 tenir (i dominar) les claus que obren les diferents portes dels regnes que la custodien.<\/p>\n<p style=\"text-align: left;\">I les noies i nois de 5\u00e8 faran el programa <strong>&#8220;Grans emprenedors&#8221;<\/strong>. Aquest programa t\u00e9 com a objectiu entrenar les habilitats que els alumnes necessiten per a ser els emprenedors de la seva pr\u00f2pia vida, tant el l\u2019\u00e0mbit personal com en el professional. En aquest programa la creativitat ser\u00e0 una habilitat important a desenvolupar.<\/p>\n<p style=\"text-align: left;\">Segur que gaudirem molt\u00edssim de l&#8217;experi\u00e8ncia !\u00a0 Ben aviat rebreu informaci\u00f3 del que cal portar !<\/p>\n","protected":false},"excerpt":{"rendered":"<p>Els dies 30 i 31 de mar\u00e7 els nois i noies de 4t i 5\u00e8 anirem de col\u00f2nies a La Granja i el 4 i 5 d&#8217;abril ser\u00e0 el torn de la comunitat de mitjans. En tenim moltes ganes !!!<br \/>\nUs deixem un v\u00eddeo per si&hellip;  <a href=\"https:\/\/agora.xtec.cat\/escolalavilapalamos\/general\/anem-de-colonies\/\" title=\"Read Anem de col\u00f2nies\">Llegeix m\u00e9s\u00bb<\/a><\/p>\n","protected":false},"author":132,"featured_media":10542,"comment_status":"open","ping_status":"closed","sticky":false,"template":"","format":"standard","meta":{"_bbp_topic_count":0,"_bbp_reply_count":0,"_bbp_total_topic_count":0,"_bbp_total_reply_count":0,"_bbp_voice_count":0,"_bbp_anonymous_reply_count":0,"_bbp_topic_count_hidden":0,"_bbp_reply_count_hidden":0,"_bbp_forum_subforum_count":0,"footnotes":""},"categories":[128,1,4],"tags":[],"class_list":["post-11210","post","type-post","status-publish","format-standard","has-post-thumbnail","hentry","category-comunitat-de-grans","category-general","category-portada"],"post_mailing_queue_ids":[],"_links":{"self":[{"href":"https:\/\/agora.xtec.cat\/escolalavilapalamos\/wp-json\/wp\/v2\/posts\/11210","targetHints":{"allow":["GET"]}}],"collection":[{"href":"https:\/\/agora.xtec.cat\/escolalavilapalamos\/wp-json\/wp\/v2\/posts"}],"about":[{"href":"https:\/\/agora.xtec.cat\/escolalavilapalamos\/wp-json\/wp\/v2\/types\/post"}],"author":[{"embeddable":true,"href":"https:\/\/agora.xtec.cat\/escolalavilapalamos\/wp-json\/wp\/v2\/users\/132"}],"replies":[{"embeddable":true,"href":"https:\/\/agora.xtec.cat\/escolalavilapalamos\/wp-json\/wp\/v2\/comments?post=11210"}],"version-history":[{"count":3,"href":"https:\/\/agora.xtec.cat\/escolalavilapalamos\/wp-json\/wp\/v2\/posts\/11210\/revisions"}],"predecessor-version":[{"id":11219,"href":"https:\/\/agora.xtec.cat\/escolalavilapalamos\/wp-json\/wp\/v2\/posts\/11210\/revisions\/11219"}],"wp:featuredmedia":[{"embeddable":true,"href":"https:\/\/agora.xtec.cat\/escolalavilapalamos\/wp-json\/wp\/v2\/media\/10542"}],"wp:attachment":[{"href":"https:\/\/agora.xtec.cat\/escolalavilapalamos\/wp-json\/wp\/v2\/media?parent=11210"}],"wp:term":[{"taxonomy":"category","embeddable":true,"href":"https:\/\/agora.xtec.cat\/escolalavilapalamos\/wp-json\/wp\/v2\/categories?post=11210"},{"taxonomy":"post_tag","embeddable":true,"href":"https:\/\/agora.xtec.cat\/escolalavilapalamos\/wp-json\/wp\/v2\/tags?post=11210"}],"curies":[{"name":"wp","href":"https:\/\/api.w.org\/{rel}","templated":true}]}}