{"id":11187,"date":"2022-03-14T17:30:48","date_gmt":"2022-03-14T16:30:48","guid":{"rendered":"https:\/\/agora.xtec.cat\/escolalavilapalamos\/?p=11187"},"modified":"2022-03-14T17:30:48","modified_gmt":"2022-03-14T16:30:48","slug":"vaga-a-lescola","status":"publish","type":"post","link":"https:\/\/agora.xtec.cat\/escolalavilapalamos\/general\/vaga-a-lescola\/","title":{"rendered":"Vaga a l&#8217;escola"},"content":{"rendered":"<p><img loading=\"lazy\" decoding=\"async\" class=\"size-medium wp-image-11188 alignleft\" src=\"https:\/\/agora.xtec.cat\/escolalavilapalamos\/wp-content\/uploads\/usu897\/2022\/03\/EDU_Instagram-300x300-1-300x300.jpg\" alt=\"\" width=\"300\" height=\"300\" srcset=\"https:\/\/agora.xtec.cat\/escolalavilapalamos\/wp-content\/uploads\/usu897\/2022\/03\/EDU_Instagram-300x300-1.jpg 300w, https:\/\/agora.xtec.cat\/escolalavilapalamos\/wp-content\/uploads\/usu897\/2022\/03\/EDU_Instagram-300x300-1-150x150.jpg 150w\" sizes=\"auto, (max-width: 300px) 100vw, 300px\" \/><\/p>\n<p><strong>Els dies 15, 16, 17, 23, 29 i 30 de mar\u00e7 hi ha convocada una vaga al sector d&#8217;educaci\u00f3.<\/strong><\/p>\n<p>Al nostre centre es preveu que dem\u00e0 <strong>dimarts 15 de mar\u00e7, la vaga tindr\u00e0 un seguiment molt important<\/strong> (un 50% del professorat) que incidir\u00e0 en el normal funcionament del centre.<\/p>\n<p>En aquest cas, l\u2019alumnat estar\u00e0 cobert pels serveis m\u00ednims<\/p>\n<p>Podeu llegir tots els motius que ens porten a la vaga <a href=\"https:\/\/drive.google.com\/file\/d\/1ZwgXWXMvgQVt_tjXrPkZzxIDNu3B1HiF\/view?usp=sharing\">clicant aqu\u00ed<\/a><\/p>\n<p>&nbsp;<\/p>\n<p>Salutacions<\/p>\n","protected":false},"excerpt":{"rendered":"<p>Els dies 15, 16, 17, 23, 29 i 30 de mar\u00e7 hi ha convocada una vaga al sector d&#8217;educaci\u00f3.<br \/>\nAl nostre centre es preveu que dem\u00e0 dimarts 15 de mar\u00e7, la vaga tindr\u00e0 un seguiment molt important (un 50% del professorat) que incidir\u00e0 en el normal&hellip;  <a href=\"https:\/\/agora.xtec.cat\/escolalavilapalamos\/general\/vaga-a-lescola\/\" title=\"Read Vaga a l&#8217;escola\">Llegeix m\u00e9s\u00bb<\/a><\/p>\n","protected":false},"author":1,"featured_media":11188,"comment_status":"open","ping_status":"closed","sticky":false,"template":"","format":"standard","meta":{"_bbp_topic_count":0,"_bbp_reply_count":0,"_bbp_total_topic_count":0,"_bbp_total_reply_count":0,"_bbp_voice_count":0,"_bbp_anonymous_reply_count":0,"_bbp_topic_count_hidden":0,"_bbp_reply_count_hidden":0,"_bbp_forum_subforum_count":0,"footnotes":""},"categories":[1,4],"tags":[],"class_list":["post-11187","post","type-post","status-publish","format-standard","has-post-thumbnail","hentry","category-general","category-portada"],"post_mailing_queue_ids":[],"_links":{"self":[{"href":"https:\/\/agora.xtec.cat\/escolalavilapalamos\/wp-json\/wp\/v2\/posts\/11187","targetHints":{"allow":["GET"]}}],"collection":[{"href":"https:\/\/agora.xtec.cat\/escolalavilapalamos\/wp-json\/wp\/v2\/posts"}],"about":[{"href":"https:\/\/agora.xtec.cat\/escolalavilapalamos\/wp-json\/wp\/v2\/types\/post"}],"author":[{"embeddable":true,"href":"https:\/\/agora.xtec.cat\/escolalavilapalamos\/wp-json\/wp\/v2\/users\/1"}],"replies":[{"embeddable":true,"href":"https:\/\/agora.xtec.cat\/escolalavilapalamos\/wp-json\/wp\/v2\/comments?post=11187"}],"version-history":[{"count":1,"href":"https:\/\/agora.xtec.cat\/escolalavilapalamos\/wp-json\/wp\/v2\/posts\/11187\/revisions"}],"predecessor-version":[{"id":11189,"href":"https:\/\/agora.xtec.cat\/escolalavilapalamos\/wp-json\/wp\/v2\/posts\/11187\/revisions\/11189"}],"wp:featuredmedia":[{"embeddable":true,"href":"https:\/\/agora.xtec.cat\/escolalavilapalamos\/wp-json\/wp\/v2\/media\/11188"}],"wp:attachment":[{"href":"https:\/\/agora.xtec.cat\/escolalavilapalamos\/wp-json\/wp\/v2\/media?parent=11187"}],"wp:term":[{"taxonomy":"category","embeddable":true,"href":"https:\/\/agora.xtec.cat\/escolalavilapalamos\/wp-json\/wp\/v2\/categories?post=11187"},{"taxonomy":"post_tag","embeddable":true,"href":"https:\/\/agora.xtec.cat\/escolalavilapalamos\/wp-json\/wp\/v2\/tags?post=11187"}],"curies":[{"name":"wp","href":"https:\/\/api.w.org\/{rel}","templated":true}]}}