{"id":11140,"date":"2022-03-03T15:47:01","date_gmt":"2022-03-03T14:47:01","guid":{"rendered":"https:\/\/agora.xtec.cat\/escolalavilapalamos\/?p=11140"},"modified":"2022-03-06T15:49:37","modified_gmt":"2022-03-06T14:49:37","slug":"portes-obertes","status":"publish","type":"post","link":"https:\/\/agora.xtec.cat\/escolalavilapalamos\/general\/portes-obertes\/","title":{"rendered":"Portes Obertes"},"content":{"rendered":"<h2><\/h2>\n<p><strong>Dissabte 5 de mar\u00e7 a les 9:30 h<\/strong><br \/>\nRebuda en el pavell\u00f3 de l\u2019escola. Presentaci\u00f3 del projecte educatiu del centre. A continuaci\u00f3 visita de les instal\u00b7lacions<\/p>\n<h3 style=\"text-align: center;\"><strong>Tamb\u00e9 podreu visitar l&#8217;escola: Dijous 10 de mar\u00e7 a les 16:30 h<\/strong><\/h3>\n<p><a href=\"http:\/\/www.fbofill.cat\/publicacions\/8-orientacions-triar-escola\">8 recomanacions per triar escola<\/a>. Fundaci\u00f3 Jaume Bofill<\/p>\n<p>Segueix el dia a dia de l\u2019escola des dels nostres canals: <a href=\"https:\/\/www.facebook.com\/escola.lavilapalamos\">facebook<\/a>, <a href=\"https:\/\/twitter.com\/EscolalaVila\">twitter<\/a> i <a href=\"https:\/\/www.instagram.com\/escolalavila\/\">instagram\u00a0<\/a><\/p>\n<p><iframe loading=\"lazy\" src=\"\/\/www.youtube.com\/embed\/AyR1cLYE5Ts\" width=\"560\" height=\"314\" allowfullscreen=\"allowfullscreen\" data-mce-fragment=\"1\"><\/iframe><\/p>\n<p><iframe loading=\"lazy\" src=\"\/\/www.youtube.com\/embed\/iOYtYsUboKw\" width=\"560\" height=\"314\" allowfullscreen=\"allowfullscreen\" data-mce-fragment=\"1\"><\/iframe><\/p>\n<div class=\"carousel-text\"><em><a href=\"https:\/\/open.spotify.com\/episode\/2aIFfEgCgnM5NsRVyIZaH3?si=1fb7e2b6ec5e41fb\" target=\"_blank\" rel=\"noopener\"> <span class=\"col-sm-12 dekstop\">Podcast de la preinscripci\u00f3 escolar del Departament d&#8217;Educaci\u00f3<\/span><br \/>\n<\/a><\/em><\/p>\n<p class=\"descripcio grayDescription\"><em>Escolta com triar centre, preparar la documentaci\u00f3, presentar-la, respectar els terminis i entendre el sistema de punts<\/em><\/p>\n<\/div>\n<p><strong>Preinscipci\u00f3 22-23 <\/strong><a href=\"https:\/\/drive.google.com\/file\/d\/1jnrUx6ps8DQBXkv49Q-zUZDZw93mVanu\/view?usp=sharing\">Calendari<\/a> , <a href=\"https:\/\/drive.google.com\/file\/d\/1JAcgC8U16tI9oVgVdYGjL3eap10FBUkG\/view?usp=sharing\">Documentaci\u00f3 i criteris<\/a>\u00a0 i\u00a0 <a href=\"https:\/\/preinscripcio.gencat.cat\/ca\/estudis\/infantil-3-6\/inici\/\">Enlla\u00e7 per fer la preinscripci\u00f3 a INFANTIL<\/a>. <a href=\"https:\/\/preinscripcio.gencat.cat\/ca\/estudis\/primaria\/inici\/\">Enlla\u00e7 per fer la preinscripci\u00f3 a PRIM\u00c0RIA<\/a><\/p>\n<p><a href=\"https:\/\/drive.google.com\/file\/d\/1wuBSyiMOeYlfJfi-neoq-SOvZqSsuT-I\/view?usp=sharing\">Oferta de places a l&#8217;Escola La Vila<\/a><\/p>\n<p>El termini de presentaci\u00f3 de sol\u00b7licituds previstos per al <strong>segon cicle d\u2019educaci\u00f3 infantil, prim\u00e0ria i secund\u00e0ria obligat\u00f2ria \u00e9s del 7 al 21 de mar\u00e7, ambd\u00f3s inclosos.<\/strong><\/p>\n<p><a href=\"https:\/\/educacio.gencat.cat\/ca\/departament\/publicacions\/butlletins\/infoescola\/butlleti-29\/index.html\">Infoescola. Preinscripci\u00f3 dels ensenyaments obligatoris 2022-23<\/a><\/p>\n<p><a href=\"https:\/\/dogc.gencat.cat\/ca\/document-del-dogc\/?documentId=921287\">RESOLUCI\u00d3 EDU\/464\/2022, de 24 de febrer, per la qual s&#8217;aproven les normes de preinscripci\u00f3 i matr\u00edcula d&#8217;alumnes als centres del Servei d&#8217;Educaci\u00f3 de Catalunya i altres centres educatius, en els diversos ensenyaments sostinguts amb fons p\u00fablics, per al curs 2022-2023.<\/a><\/p>\n<p>Tota la informaci\u00f3 sobre la preinscripci\u00f3 del Departament d\u2019Ensenyament la trobareu <a href=\"http:\/\/queestudiar.gencat.cat\/ca\/preinscripcio\/\">aqu\u00ed<\/a>.<\/p>\n<h5>US HI ESPEREM !!!!<\/h5>\n","protected":false},"excerpt":{"rendered":"<p>Dissabte 5 de mar\u00e7 a les 9:30 h<br \/>\nRebuda en el pavell\u00f3 de l\u2019escola. Presentaci\u00f3 del projecte educatiu del centre. A continuaci\u00f3 visita de les instal\u00b7lacions<br \/>\nTamb\u00e9 podreu visitar l&#8217;escola: Dijous 10 de mar\u00e7 a les 16:30 h<br \/>\n<a href=\"http:\/\/www.fbofill.cat\/publicacions\/8-orientacions-triar-escola\">8 recomanacions per triar escola<\/a>. Fundaci\u00f3 Jaume Bofill<br \/>\nSegueix el&hellip;  <a href=\"https:\/\/agora.xtec.cat\/escolalavilapalamos\/general\/portes-obertes\/\" title=\"Read Portes Obertes\">Llegeix m\u00e9s\u00bb<\/a><\/p>\n","protected":false},"author":1,"featured_media":10971,"comment_status":"open","ping_status":"closed","sticky":false,"template":"","format":"standard","meta":{"_bbp_topic_count":0,"_bbp_reply_count":0,"_bbp_total_topic_count":0,"_bbp_total_reply_count":0,"_bbp_voice_count":0,"_bbp_anonymous_reply_count":0,"_bbp_topic_count_hidden":0,"_bbp_reply_count_hidden":0,"_bbp_forum_subforum_count":0,"footnotes":""},"categories":[1,4],"tags":[],"class_list":["post-11140","post","type-post","status-publish","format-standard","has-post-thumbnail","hentry","category-general","category-portada"],"post_mailing_queue_ids":[],"_links":{"self":[{"href":"https:\/\/agora.xtec.cat\/escolalavilapalamos\/wp-json\/wp\/v2\/posts\/11140","targetHints":{"allow":["GET"]}}],"collection":[{"href":"https:\/\/agora.xtec.cat\/escolalavilapalamos\/wp-json\/wp\/v2\/posts"}],"about":[{"href":"https:\/\/agora.xtec.cat\/escolalavilapalamos\/wp-json\/wp\/v2\/types\/post"}],"author":[{"embeddable":true,"href":"https:\/\/agora.xtec.cat\/escolalavilapalamos\/wp-json\/wp\/v2\/users\/1"}],"replies":[{"embeddable":true,"href":"https:\/\/agora.xtec.cat\/escolalavilapalamos\/wp-json\/wp\/v2\/comments?post=11140"}],"version-history":[{"count":2,"href":"https:\/\/agora.xtec.cat\/escolalavilapalamos\/wp-json\/wp\/v2\/posts\/11140\/revisions"}],"predecessor-version":[{"id":11142,"href":"https:\/\/agora.xtec.cat\/escolalavilapalamos\/wp-json\/wp\/v2\/posts\/11140\/revisions\/11142"}],"wp:featuredmedia":[{"embeddable":true,"href":"https:\/\/agora.xtec.cat\/escolalavilapalamos\/wp-json\/wp\/v2\/media\/10971"}],"wp:attachment":[{"href":"https:\/\/agora.xtec.cat\/escolalavilapalamos\/wp-json\/wp\/v2\/media?parent=11140"}],"wp:term":[{"taxonomy":"category","embeddable":true,"href":"https:\/\/agora.xtec.cat\/escolalavilapalamos\/wp-json\/wp\/v2\/categories?post=11140"},{"taxonomy":"post_tag","embeddable":true,"href":"https:\/\/agora.xtec.cat\/escolalavilapalamos\/wp-json\/wp\/v2\/tags?post=11140"}],"curies":[{"name":"wp","href":"https:\/\/api.w.org\/{rel}","templated":true}]}}