{"id":11134,"date":"2022-03-04T00:22:43","date_gmt":"2022-03-03T23:22:43","guid":{"rendered":"https:\/\/agora.xtec.cat\/escolalavilapalamos\/?p=11134"},"modified":"2022-03-09T00:24:00","modified_gmt":"2022-03-08T23:24:00","slug":"el-nom-propi-a-p3","status":"publish","type":"post","link":"https:\/\/agora.xtec.cat\/escolalavilapalamos\/infantil\/el-nom-propi-a-p3\/","title":{"rendered":"El nom propi a P3"},"content":{"rendered":"<p>El nom propi \u00e9s el nostre signe d&#8217;identitat i \u00e9s un element for\u00e7a motivador per iniciar l&#8217;infant en l&#8217;aprenentatge de la lectoescriptura.<\/p>\n<p>Al llarg del curs, es realitzen un munt d&#8217;activitats encaminades a identificar el propi nom, el dels companys i companyes, a diferenciar les lletres dels nombres, del gargot, dels dibuixos&#8230; con\u00e8ixer el sons i les grafies de cada una de les lletres del nostre alfabet, desenvolupant la seva conci\u00e8ncia fonol\u00f2gica i integrant el tra\u00e7 a nivell visual.<\/p>\n<p>El nom propi es presenta sempre en lletra de pal. Aquesta lletra \u00e9s molt m\u00e9s f\u00e0cil de realitzar a nivell motriu, m\u00e9s clara i entenedora a l&#8217;hora de visualitzar-la. Tamb\u00e9 forma part del nostre entorn social m\u00e9s proper (en el t\u00edtol dels contes, en els r\u00e8tols de les botigues, a la publicitat, en cartells&#8230;)<\/p>\n<p>Aquest nom propi apareix en molts llocs a l&#8217;aula i tamb\u00e9 fora d&#8217;ella (penjadors, a la jaqueta, la bata de pintura&#8230;) Es parteix de contextos i situacions significatives per l&#8217;infant.<\/p>\n<p><em><sub>Clica imatge per veure les fotografies<\/sub><\/em><\/p>\n<p><a href=\"https:\/\/photos.app.goo.gl\/wkjaLNcHBAQuLvzt6\"><img loading=\"lazy\" decoding=\"async\" class=\"wp-image-11136 aligncenter\" src=\"https:\/\/agora.xtec.cat\/escolalavilapalamos\/wp-content\/uploads\/usu897\/2022\/03\/20220304_113941-1024x609.jpg\" alt=\"\" width=\"180\" height=\"107\" srcset=\"https:\/\/agora.xtec.cat\/escolalavilapalamos\/wp-content\/uploads\/usu897\/2022\/03\/20220304_113941-1024x609.jpg 1024w, https:\/\/agora.xtec.cat\/escolalavilapalamos\/wp-content\/uploads\/usu897\/2022\/03\/20220304_113941-300x178.jpg 300w, https:\/\/agora.xtec.cat\/escolalavilapalamos\/wp-content\/uploads\/usu897\/2022\/03\/20220304_113941-768x456.jpg 768w, https:\/\/agora.xtec.cat\/escolalavilapalamos\/wp-content\/uploads\/usu897\/2022\/03\/20220304_113941-1536x913.jpg 1536w, https:\/\/agora.xtec.cat\/escolalavilapalamos\/wp-content\/uploads\/usu897\/2022\/03\/20220304_113941.jpg 1878w\" sizes=\"auto, (max-width: 180px) 100vw, 180px\" \/><\/a><\/p>\n","protected":false},"excerpt":{"rendered":"<p>El nom propi \u00e9s el nostre signe d&#8217;identitat i \u00e9s un element for\u00e7a motivador per iniciar l&#8217;infant en l&#8217;aprenentatge de la lectoescriptura.<br \/>\nAl llarg del curs, es realitzen un munt d&#8217;activitats encaminades a identificar el propi nom, el dels companys i companyes, a diferenciar les lletres&hellip;  <a href=\"https:\/\/agora.xtec.cat\/escolalavilapalamos\/infantil\/el-nom-propi-a-p3\/\" title=\"Read El nom propi a P3\">Llegeix m\u00e9s\u00bb<\/a><\/p>\n","protected":false},"author":128,"featured_media":11136,"comment_status":"closed","ping_status":"closed","sticky":false,"template":"","format":"standard","meta":{"_bbp_topic_count":0,"_bbp_reply_count":0,"_bbp_total_topic_count":0,"_bbp_total_reply_count":0,"_bbp_voice_count":0,"_bbp_anonymous_reply_count":0,"_bbp_topic_count_hidden":0,"_bbp_reply_count_hidden":0,"_bbp_forum_subforum_count":0,"footnotes":""},"categories":[2,4],"tags":[],"class_list":["post-11134","post","type-post","status-publish","format-standard","has-post-thumbnail","hentry","category-infantil","category-portada"],"post_mailing_queue_ids":[],"_links":{"self":[{"href":"https:\/\/agora.xtec.cat\/escolalavilapalamos\/wp-json\/wp\/v2\/posts\/11134","targetHints":{"allow":["GET"]}}],"collection":[{"href":"https:\/\/agora.xtec.cat\/escolalavilapalamos\/wp-json\/wp\/v2\/posts"}],"about":[{"href":"https:\/\/agora.xtec.cat\/escolalavilapalamos\/wp-json\/wp\/v2\/types\/post"}],"author":[{"embeddable":true,"href":"https:\/\/agora.xtec.cat\/escolalavilapalamos\/wp-json\/wp\/v2\/users\/128"}],"replies":[{"embeddable":true,"href":"https:\/\/agora.xtec.cat\/escolalavilapalamos\/wp-json\/wp\/v2\/comments?post=11134"}],"version-history":[{"count":3,"href":"https:\/\/agora.xtec.cat\/escolalavilapalamos\/wp-json\/wp\/v2\/posts\/11134\/revisions"}],"predecessor-version":[{"id":11155,"href":"https:\/\/agora.xtec.cat\/escolalavilapalamos\/wp-json\/wp\/v2\/posts\/11134\/revisions\/11155"}],"wp:featuredmedia":[{"embeddable":true,"href":"https:\/\/agora.xtec.cat\/escolalavilapalamos\/wp-json\/wp\/v2\/media\/11136"}],"wp:attachment":[{"href":"https:\/\/agora.xtec.cat\/escolalavilapalamos\/wp-json\/wp\/v2\/media?parent=11134"}],"wp:term":[{"taxonomy":"category","embeddable":true,"href":"https:\/\/agora.xtec.cat\/escolalavilapalamos\/wp-json\/wp\/v2\/categories?post=11134"},{"taxonomy":"post_tag","embeddable":true,"href":"https:\/\/agora.xtec.cat\/escolalavilapalamos\/wp-json\/wp\/v2\/tags?post=11134"}],"curies":[{"name":"wp","href":"https:\/\/api.w.org\/{rel}","templated":true}]}}