{"id":11119,"date":"2022-03-14T08:32:52","date_gmt":"2022-03-14T07:32:52","guid":{"rendered":"https:\/\/agora.xtec.cat\/escolalavilapalamos\/?p=11119"},"modified":"2022-03-14T17:32:28","modified_gmt":"2022-03-14T16:32:28","slug":"vacunacio-de-la-2a-dosi-covid-dels-alumnes","status":"publish","type":"post","link":"https:\/\/agora.xtec.cat\/escolalavilapalamos\/general\/vacunacio-de-la-2a-dosi-covid-dels-alumnes\/","title":{"rendered":"Vacunaci\u00f3 de la 2a dosi COVID dels alumnes"},"content":{"rendered":"<p style=\"text-align: left;\"><img loading=\"lazy\" decoding=\"async\" class=\"size-medium wp-image-10770 alignleft\" src=\"https:\/\/agora.xtec.cat\/escolalavilapalamos\/wp-content\/uploads\/usu897\/2022\/01\/vacunacio-infantil-covid19.png_191393041-300x233.png\" alt=\"\" width=\"300\" height=\"233\" srcset=\"https:\/\/agora.xtec.cat\/escolalavilapalamos\/wp-content\/uploads\/usu897\/2022\/01\/vacunacio-infantil-covid19.png_191393041-300x233.png 300w, https:\/\/agora.xtec.cat\/escolalavilapalamos\/wp-content\/uploads\/usu897\/2022\/01\/vacunacio-infantil-covid19.png_191393041.png 555w\" sizes=\"auto, (max-width: 300px) 100vw, 300px\" \/>El proper <strong>dijous 24 de mar\u00e7 al pavell\u00f3 de l&#8217;escola La Salle<\/strong> es posar\u00e0 la segona dosi de la vacuna als nens i nenes de P5 a 6\u00e8 que es van posar la primera dosi.<\/p>\n<p>Nom\u00e9s hi ha un punt de vacunaci\u00f3 per totes les escoles al pavell\u00f3 de La Salle. Horari de 17 a 19:30h.<\/p>\n<p>Els nens\/es han de venir acompanyats dels seus pares\/mares o tutors legals.\u00a0Nom\u00e9s es posen segones dosis. No es poden vacunar els nens\/es que han passat el COVID a menys de quatre setmanes.<\/p>\n<p>Documentaci\u00f3 necess\u00e0ria el dia de vacunaci\u00f3:\u00a0\u00a0\u00a0Tarja Sanitaria\u00a0 + Autoritzaci\u00f3 en cas de no venir acompanyats per pare \/mare. Per m\u00e9s informaci\u00f3 truqueu al CAP de Palam\u00f3s.<\/p>\n","protected":false},"excerpt":{"rendered":"<p>El proper dijous 24 de mar\u00e7 al pavell\u00f3 de l&#8217;escola La Salle es posar\u00e0 la segona dosi de la vacuna als nens i nenes de P5 a 6\u00e8 que es van posar la primera dosi.<br \/>\nNom\u00e9s hi ha un punt de vacunaci\u00f3 per totes les escoles&hellip;  <a href=\"https:\/\/agora.xtec.cat\/escolalavilapalamos\/general\/vacunacio-de-la-2a-dosi-covid-dels-alumnes\/\" title=\"Read Vacunaci\u00f3 de la 2a dosi COVID dels alumnes\">Llegeix m\u00e9s\u00bb<\/a><\/p>\n","protected":false},"author":1,"featured_media":10770,"comment_status":"open","ping_status":"closed","sticky":false,"template":"","format":"standard","meta":{"_bbp_topic_count":0,"_bbp_reply_count":0,"_bbp_total_topic_count":0,"_bbp_total_reply_count":0,"_bbp_voice_count":0,"_bbp_anonymous_reply_count":0,"_bbp_topic_count_hidden":0,"_bbp_reply_count_hidden":0,"_bbp_forum_subforum_count":0,"footnotes":""},"categories":[1,4],"tags":[],"class_list":["post-11119","post","type-post","status-publish","format-standard","has-post-thumbnail","hentry","category-general","category-portada"],"post_mailing_queue_ids":[],"_links":{"self":[{"href":"https:\/\/agora.xtec.cat\/escolalavilapalamos\/wp-json\/wp\/v2\/posts\/11119","targetHints":{"allow":["GET"]}}],"collection":[{"href":"https:\/\/agora.xtec.cat\/escolalavilapalamos\/wp-json\/wp\/v2\/posts"}],"about":[{"href":"https:\/\/agora.xtec.cat\/escolalavilapalamos\/wp-json\/wp\/v2\/types\/post"}],"author":[{"embeddable":true,"href":"https:\/\/agora.xtec.cat\/escolalavilapalamos\/wp-json\/wp\/v2\/users\/1"}],"replies":[{"embeddable":true,"href":"https:\/\/agora.xtec.cat\/escolalavilapalamos\/wp-json\/wp\/v2\/comments?post=11119"}],"version-history":[{"count":3,"href":"https:\/\/agora.xtec.cat\/escolalavilapalamos\/wp-json\/wp\/v2\/posts\/11119\/revisions"}],"predecessor-version":[{"id":11186,"href":"https:\/\/agora.xtec.cat\/escolalavilapalamos\/wp-json\/wp\/v2\/posts\/11119\/revisions\/11186"}],"wp:featuredmedia":[{"embeddable":true,"href":"https:\/\/agora.xtec.cat\/escolalavilapalamos\/wp-json\/wp\/v2\/media\/10770"}],"wp:attachment":[{"href":"https:\/\/agora.xtec.cat\/escolalavilapalamos\/wp-json\/wp\/v2\/media?parent=11119"}],"wp:term":[{"taxonomy":"category","embeddable":true,"href":"https:\/\/agora.xtec.cat\/escolalavilapalamos\/wp-json\/wp\/v2\/categories?post=11119"},{"taxonomy":"post_tag","embeddable":true,"href":"https:\/\/agora.xtec.cat\/escolalavilapalamos\/wp-json\/wp\/v2\/tags?post=11119"}],"curies":[{"name":"wp","href":"https:\/\/api.w.org\/{rel}","templated":true}]}}