{"id":11117,"date":"2022-03-01T08:32:06","date_gmt":"2022-03-01T07:32:06","guid":{"rendered":"https:\/\/agora.xtec.cat\/escolalavilapalamos\/?p=11117"},"modified":"2022-03-04T06:44:34","modified_gmt":"2022-03-04T05:44:34","slug":"19enes-jornades-deducacio-i-familia","status":"publish","type":"post","link":"https:\/\/agora.xtec.cat\/escolalavilapalamos\/general\/19enes-jornades-deducacio-i-familia\/","title":{"rendered":"19enes Jornades d&#8217;Educaci\u00f3 i Fam\u00edlia"},"content":{"rendered":"<p>Comencen <strong>les 19enes Jornades d&#8217;Educaci\u00f3 i Fam\u00edlia 2020<\/strong>, xerrades adre\u00e7ades a mares, pares i educadors\/es.<img loading=\"lazy\" decoding=\"async\" class=\"alignright\" src=\"https:\/\/scontent-bcn1-1.xx.fbcdn.net\/v\/t39.30808-6\/274594993_2575100489290852_762833234463056456_n.jpg?_nc_cat=101&amp;ccb=1-5&amp;_nc_sid=730e14&amp;_nc_ohc=GrpiLtoOp-EAX-lbQve&amp;_nc_ht=scontent-bcn1-1.xx&amp;oh=00_AT8yDNO6iZ4p_BJGpFRDXVrw1EJVFcrt7o-dl7xBab5GMA&amp;oe=6225DD0D\" alt=\"May be an image of text\" width=\"464\" height=\"652\" \/><br \/>\nLloc: La Gorga. Hora: 20 h<\/p>\n<p><strong>Dijous 3 de mar\u00e7 <\/strong>primera convidada d&#8217;aquest any, Educar l&#8217;atenci\u00f3 a c\u00e0rrec de <strong>Catherine L&#8217;Ecuyer<\/strong>, doctora en educaci\u00f3 i psicologia,<\/p>\n<p>Dijous 10 de mar\u00e7 <strong>Enric M. Sebastiani Obrador<\/strong> amb la xerrada <i>L&#8217;Esport no educa<\/i><\/p>\n<p>Dijous 17 de mar\u00e7<strong> Juanjo Fern\u00e1ndez<\/strong> amb la xerrada 30 manaments per tractar amb adolescents.<\/p>\n<p>Recordeu que tot i que l&#8217;acte \u00e9s gratu\u00eft, cal reservar entrada a trav\u00e9s del web <a href=\"https:\/\/lagorga.cat\/espectacle\/335\">lagorga.cat<\/a>.<br \/>\nOrganitza: Departament de Joventut de l&#8217;Ajuntament de Palam\u00f3s.<\/p>\n","protected":false},"excerpt":{"rendered":"<p>Comencen les 19enes Jornades d&#8217;Educaci\u00f3 i Fam\u00edlia 2020, xerrades adre\u00e7ades a mares, pares i educadors\/es.<br \/>\nLloc: La Gorga. Hora: 20 h<br \/>\nDijous 3 de mar\u00e7 primera convidada d&#8217;aquest any, Educar l&#8217;atenci\u00f3 a c\u00e0rrec de Catherine L&#8217;Ecuyer, doctora en educaci\u00f3 i psicologia,<br \/>\nDijous 10 de mar\u00e7 Enric M. Sebastiani&hellip;  <a href=\"https:\/\/agora.xtec.cat\/escolalavilapalamos\/general\/19enes-jornades-deducacio-i-familia\/\" title=\"Read 19enes Jornades d&#8217;Educaci\u00f3 i Fam\u00edlia\">Llegeix m\u00e9s\u00bb<\/a><\/p>\n","protected":false},"author":1,"featured_media":11132,"comment_status":"open","ping_status":"closed","sticky":false,"template":"","format":"standard","meta":{"_bbp_topic_count":0,"_bbp_reply_count":0,"_bbp_total_topic_count":0,"_bbp_total_reply_count":0,"_bbp_voice_count":0,"_bbp_anonymous_reply_count":0,"_bbp_topic_count_hidden":0,"_bbp_reply_count_hidden":0,"_bbp_forum_subforum_count":0,"footnotes":""},"categories":[1,4],"tags":[],"class_list":["post-11117","post","type-post","status-publish","format-standard","has-post-thumbnail","hentry","category-general","category-portada"],"post_mailing_queue_ids":[],"_links":{"self":[{"href":"https:\/\/agora.xtec.cat\/escolalavilapalamos\/wp-json\/wp\/v2\/posts\/11117","targetHints":{"allow":["GET"]}}],"collection":[{"href":"https:\/\/agora.xtec.cat\/escolalavilapalamos\/wp-json\/wp\/v2\/posts"}],"about":[{"href":"https:\/\/agora.xtec.cat\/escolalavilapalamos\/wp-json\/wp\/v2\/types\/post"}],"author":[{"embeddable":true,"href":"https:\/\/agora.xtec.cat\/escolalavilapalamos\/wp-json\/wp\/v2\/users\/1"}],"replies":[{"embeddable":true,"href":"https:\/\/agora.xtec.cat\/escolalavilapalamos\/wp-json\/wp\/v2\/comments?post=11117"}],"version-history":[{"count":2,"href":"https:\/\/agora.xtec.cat\/escolalavilapalamos\/wp-json\/wp\/v2\/posts\/11117\/revisions"}],"predecessor-version":[{"id":11133,"href":"https:\/\/agora.xtec.cat\/escolalavilapalamos\/wp-json\/wp\/v2\/posts\/11117\/revisions\/11133"}],"wp:featuredmedia":[{"embeddable":true,"href":"https:\/\/agora.xtec.cat\/escolalavilapalamos\/wp-json\/wp\/v2\/media\/11132"}],"wp:attachment":[{"href":"https:\/\/agora.xtec.cat\/escolalavilapalamos\/wp-json\/wp\/v2\/media?parent=11117"}],"wp:term":[{"taxonomy":"category","embeddable":true,"href":"https:\/\/agora.xtec.cat\/escolalavilapalamos\/wp-json\/wp\/v2\/categories?post=11117"},{"taxonomy":"post_tag","embeddable":true,"href":"https:\/\/agora.xtec.cat\/escolalavilapalamos\/wp-json\/wp\/v2\/tags?post=11117"}],"curies":[{"name":"wp","href":"https:\/\/api.w.org\/{rel}","templated":true}]}}