{"id":11103,"date":"2022-02-22T00:09:41","date_gmt":"2022-02-21T23:09:41","guid":{"rendered":"https:\/\/agora.xtec.cat\/escolalavilapalamos\/?p=11103"},"modified":"2022-03-09T00:11:07","modified_gmt":"2022-03-08T23:11:07","slug":"languila-viatgera-1r","status":"publish","type":"post","link":"https:\/\/agora.xtec.cat\/escolalavilapalamos\/general\/languila-viatgera-1r\/","title":{"rendered":"L&#8217;Anguila Viatgera de 1r"},"content":{"rendered":"<p style=\"text-align: center;\"><a href=\"https:\/\/agora.xtec.cat\/escolalavilapalamos\/wp-content\/uploads\/usu897\/2022\/03\/IMG20220221094444.jpg\"><img loading=\"lazy\" decoding=\"async\" class=\"alignnone size-full wp-image-11104\" src=\"https:\/\/agora.xtec.cat\/escolalavilapalamos\/wp-content\/uploads\/usu897\/2022\/03\/IMG20220221094444.jpg\" alt=\"\" width=\"480\" height=\"480\" srcset=\"https:\/\/agora.xtec.cat\/escolalavilapalamos\/wp-content\/uploads\/usu897\/2022\/03\/IMG20220221094444.jpg 480w, https:\/\/agora.xtec.cat\/escolalavilapalamos\/wp-content\/uploads\/usu897\/2022\/03\/IMG20220221094444-300x300.jpg 300w, https:\/\/agora.xtec.cat\/escolalavilapalamos\/wp-content\/uploads\/usu897\/2022\/03\/IMG20220221094444-150x150.jpg 150w\" sizes=\"auto, (max-width: 480px) 100vw, 480px\" \/><\/a><\/p>\n<p style=\"text-align: justify;\"><span style=\"font-weight: 400;\">El dilluns 21 de febrer, l\u2019alumnat de primer vam participar en el taller de l\u2019anguila viatgera. Vam anar fins a l\u2019Arbreda per poder gaudir de les diferents activitats.\u00a0<\/span><\/p>\n<p style=\"text-align: justify;\"><span style=\"font-weight: 400;\">All\u00e0, a trav\u00e9s d\u2019un conte, vam poder descobrir quin \u00e9s el viatge que fa l\u2019anguila des del mar fins riu amunt; aix\u00ed com els perills que pot viure.\u00a0<\/span><\/p>\n<p style=\"text-align: justify;\"><span style=\"font-weight: 400;\">Tot jugant, tamb\u00e9 vam aprendre noms de m\u00e9s animals que viuen per la nostra zona.\u00a0 A m\u00e9s, vam poder observar quina \u00e9s la indument\u00e0ria que s\u2019utilitza per poder investigar els peixos de riu.\u00a0<\/span><\/p>\n<p style=\"text-align: justify;\"><span style=\"font-weight: 400;\">Les monitores ens van explicar que dies abans van parar les xarxes al riu per poder atrapar una anguila per\u00f2 aquest cop no hi va haver sort. S\u00ed que vam tenir l\u2019oportunitat de veure peixos de tamany petit, alguns dels quals vam poder tocar. A part d\u2019aix\u00f2 tamb\u00e9 vam poder observar i tocar una tortuga que les monitores havien rescatat.\u00a0<\/span><\/p>\n<p style=\"text-align: justify;\"><span style=\"font-weight: 400;\">Va ser un mat\u00ed ben complet i ens ho vam passar la mar de b\u00e9!\u00a0<\/span><\/p>\n<p style=\"text-align: justify;\"><span style=\"font-weight: 400;\">En aquest enlla\u00e7 trobareu les fotos del taller:<\/span><\/p>\n<h2 style=\"text-align: center;\"><a href=\"https:\/\/photos.app.goo.gl\/4ppDcTojBDjMjBVi9\">https:\/\/photos.app.goo.gl\/4ppDcTojBDjMjBVi9<\/a><\/h2>\n","protected":false},"excerpt":{"rendered":"<p><a href=\"https:\/\/agora.xtec.cat\/escolalavilapalamos\/wp-content\/uploads\/usu897\/2022\/03\/IMG20220221094444.jpg\"><\/a><br \/>\nEl dilluns 21 de febrer, l\u2019alumnat de primer vam participar en el taller de l\u2019anguila viatgera. Vam anar fins a l\u2019Arbreda per poder gaudir de les diferents activitats.\u00a0<br \/>\nAll\u00e0, a trav\u00e9s d\u2019un conte, vam poder descobrir quin \u00e9s el viatge que fa l\u2019anguila des del&hellip;  <a href=\"https:\/\/agora.xtec.cat\/escolalavilapalamos\/general\/languila-viatgera-1r\/\" title=\"Read L&#8217;Anguila Viatgera de 1r\">Llegeix m\u00e9s\u00bb<\/a><\/p>\n","protected":false},"author":5,"featured_media":11104,"comment_status":"open","ping_status":"closed","sticky":false,"template":"","format":"standard","meta":{"_bbp_topic_count":0,"_bbp_reply_count":0,"_bbp_total_topic_count":0,"_bbp_total_reply_count":0,"_bbp_voice_count":0,"_bbp_anonymous_reply_count":0,"_bbp_topic_count_hidden":0,"_bbp_reply_count_hidden":0,"_bbp_forum_subforum_count":0,"footnotes":""},"categories":[127,1,4],"tags":[],"class_list":["post-11103","post","type-post","status-publish","format-standard","has-post-thumbnail","hentry","category-comunitat-de-mitjans","category-general","category-portada"],"post_mailing_queue_ids":[],"_links":{"self":[{"href":"https:\/\/agora.xtec.cat\/escolalavilapalamos\/wp-json\/wp\/v2\/posts\/11103","targetHints":{"allow":["GET"]}}],"collection":[{"href":"https:\/\/agora.xtec.cat\/escolalavilapalamos\/wp-json\/wp\/v2\/posts"}],"about":[{"href":"https:\/\/agora.xtec.cat\/escolalavilapalamos\/wp-json\/wp\/v2\/types\/post"}],"author":[{"embeddable":true,"href":"https:\/\/agora.xtec.cat\/escolalavilapalamos\/wp-json\/wp\/v2\/users\/5"}],"replies":[{"embeddable":true,"href":"https:\/\/agora.xtec.cat\/escolalavilapalamos\/wp-json\/wp\/v2\/comments?post=11103"}],"version-history":[{"count":3,"href":"https:\/\/agora.xtec.cat\/escolalavilapalamos\/wp-json\/wp\/v2\/posts\/11103\/revisions"}],"predecessor-version":[{"id":11151,"href":"https:\/\/agora.xtec.cat\/escolalavilapalamos\/wp-json\/wp\/v2\/posts\/11103\/revisions\/11151"}],"wp:featuredmedia":[{"embeddable":true,"href":"https:\/\/agora.xtec.cat\/escolalavilapalamos\/wp-json\/wp\/v2\/media\/11104"}],"wp:attachment":[{"href":"https:\/\/agora.xtec.cat\/escolalavilapalamos\/wp-json\/wp\/v2\/media?parent=11103"}],"wp:term":[{"taxonomy":"category","embeddable":true,"href":"https:\/\/agora.xtec.cat\/escolalavilapalamos\/wp-json\/wp\/v2\/categories?post=11103"},{"taxonomy":"post_tag","embeddable":true,"href":"https:\/\/agora.xtec.cat\/escolalavilapalamos\/wp-json\/wp\/v2\/tags?post=11103"}],"curies":[{"name":"wp","href":"https:\/\/api.w.org\/{rel}","templated":true}]}}