{"id":11078,"date":"2022-02-22T11:30:49","date_gmt":"2022-02-22T10:30:49","guid":{"rendered":"https:\/\/agora.xtec.cat\/escolalavilapalamos\/?p=11078"},"modified":"2022-02-22T11:32:56","modified_gmt":"2022-02-22T10:32:56","slug":"fi-del-seguiment-dels-casos-covid-19-als-centres","status":"publish","type":"post","link":"https:\/\/agora.xtec.cat\/escolalavilapalamos\/general\/fi-del-seguiment-dels-casos-covid-19-als-centres\/","title":{"rendered":"Fi del seguiment dels casos covid-19 als centres"},"content":{"rendered":"<blockquote><p><span style=\"color: #000000;\"><img loading=\"lazy\" decoding=\"async\" class=\"wp-image-10777 aligncenter\" src=\"https:\/\/agora.xtec.cat\/escolalavilapalamos\/wp-content\/uploads\/usu897\/2022\/01\/image_large-300x134.png\" alt=\"\" width=\"493\" height=\"220\" srcset=\"https:\/\/agora.xtec.cat\/escolalavilapalamos\/wp-content\/uploads\/usu897\/2022\/01\/image_large-300x134.png 300w, https:\/\/agora.xtec.cat\/escolalavilapalamos\/wp-content\/uploads\/usu897\/2022\/01\/image_large.png 720w\" sizes=\"auto, (max-width: 493px) 100vw, 493px\" \/>Els departaments d&#8217;Educaci\u00f3 i Salut proposen la flexibilitzaci\u00f3 de la gesti\u00f3 de casos COVID a l&#8217;entorn escolar a partir d&#8217;aquest dimecres 23 de febrer.\u00a0<\/span><\/p>\n<p><span style=\"color: #000000;\">A efectes pr\u00e0ctics, ja no s\u2019identificaran contactes estrets ni s\u2019indicaran quarantenes. Poc a poc, ara si, comencem realment a deixar la pand\u00e8mia enrera !<\/span><\/p>\n<p><span style=\"color: #000000;\">Els centres escolars i les fam\u00edlies no hauran de comunicar si el motiu de l\u2019abs\u00e8ncia a classe de l\u2019alumnat \u00e9s degut a la covid. Es comunicar\u00e0 l&#8217;abs\u00e8ncia a l&#8217;escola per malaltia, sense necessitat d&#8217;especificar quina \u00e9s la malatia.\u00a0<\/span><\/p>\n<p><span style=\"color: #000000;\">Aquestes directrius segueixen les recomanacions de la Comisi\u00f3n de Salud P\u00fablica del Ministerio de Sanidad.<\/span><\/p>\n<p><span style=\"color: #000000;\">Tota la informaci\u00f3 al document a: <a href=\"https:\/\/espai.educacio.gencat.cat\/Departament\/Comunicacio\/Noticies\/Pagines\/Fi-Seguiment-Covid.aspx\">https:\/\/espai.educacio.gencat.cat\/Departament\/Comunicacio\/Noticies\/Pagines\/Fi-Seguiment-Covid.aspx<\/a><br \/>\n<\/span><\/p><\/blockquote>\n","protected":false},"excerpt":{"rendered":"<p>Els departaments d&#8217;Educaci\u00f3 i Salut proposen la flexibilitzaci\u00f3 de la gesti\u00f3 de casos COVID a l&#8217;entorn escolar a partir d&#8217;aquest dimecres 23 de febrer.\u00a0<br \/>\nA efectes pr\u00e0ctics, ja no s\u2019identificaran contactes estrets ni s\u2019indicaran quarantenes. Poc a poc, ara si, comencem realment a deixar la pand\u00e8mia&hellip;  <a href=\"https:\/\/agora.xtec.cat\/escolalavilapalamos\/general\/fi-del-seguiment-dels-casos-covid-19-als-centres\/\" title=\"Read Fi del seguiment dels casos covid-19 als centres\">Llegeix m\u00e9s\u00bb<\/a><\/p>\n","protected":false},"author":1,"featured_media":10777,"comment_status":"open","ping_status":"closed","sticky":false,"template":"","format":"standard","meta":{"_bbp_topic_count":0,"_bbp_reply_count":0,"_bbp_total_topic_count":0,"_bbp_total_reply_count":0,"_bbp_voice_count":0,"_bbp_anonymous_reply_count":0,"_bbp_topic_count_hidden":0,"_bbp_reply_count_hidden":0,"_bbp_forum_subforum_count":0,"footnotes":""},"categories":[1,4],"tags":[],"class_list":["post-11078","post","type-post","status-publish","format-standard","has-post-thumbnail","hentry","category-general","category-portada"],"post_mailing_queue_ids":[],"_links":{"self":[{"href":"https:\/\/agora.xtec.cat\/escolalavilapalamos\/wp-json\/wp\/v2\/posts\/11078","targetHints":{"allow":["GET"]}}],"collection":[{"href":"https:\/\/agora.xtec.cat\/escolalavilapalamos\/wp-json\/wp\/v2\/posts"}],"about":[{"href":"https:\/\/agora.xtec.cat\/escolalavilapalamos\/wp-json\/wp\/v2\/types\/post"}],"author":[{"embeddable":true,"href":"https:\/\/agora.xtec.cat\/escolalavilapalamos\/wp-json\/wp\/v2\/users\/1"}],"replies":[{"embeddable":true,"href":"https:\/\/agora.xtec.cat\/escolalavilapalamos\/wp-json\/wp\/v2\/comments?post=11078"}],"version-history":[{"count":2,"href":"https:\/\/agora.xtec.cat\/escolalavilapalamos\/wp-json\/wp\/v2\/posts\/11078\/revisions"}],"predecessor-version":[{"id":11080,"href":"https:\/\/agora.xtec.cat\/escolalavilapalamos\/wp-json\/wp\/v2\/posts\/11078\/revisions\/11080"}],"wp:featuredmedia":[{"embeddable":true,"href":"https:\/\/agora.xtec.cat\/escolalavilapalamos\/wp-json\/wp\/v2\/media\/10777"}],"wp:attachment":[{"href":"https:\/\/agora.xtec.cat\/escolalavilapalamos\/wp-json\/wp\/v2\/media?parent=11078"}],"wp:term":[{"taxonomy":"category","embeddable":true,"href":"https:\/\/agora.xtec.cat\/escolalavilapalamos\/wp-json\/wp\/v2\/categories?post=11078"},{"taxonomy":"post_tag","embeddable":true,"href":"https:\/\/agora.xtec.cat\/escolalavilapalamos\/wp-json\/wp\/v2\/tags?post=11078"}],"curies":[{"name":"wp","href":"https:\/\/api.w.org\/{rel}","templated":true}]}}