{"id":11063,"date":"2022-02-24T10:59:37","date_gmt":"2022-02-24T09:59:37","guid":{"rendered":"https:\/\/agora.xtec.cat\/escolalavilapalamos\/?p=11063"},"modified":"2022-02-24T10:59:37","modified_gmt":"2022-02-24T09:59:37","slug":"descobrim-entre-muralles-a-6e-de-primaria","status":"publish","type":"post","link":"https:\/\/agora.xtec.cat\/escolalavilapalamos\/general\/descobrim-entre-muralles-a-6e-de-primaria\/","title":{"rendered":"Descobrim entre muralles a 6\u00e8 de prim\u00e0ria"},"content":{"rendered":"<p><img loading=\"lazy\" decoding=\"async\" class=\"wp-image-11064 alignright\" src=\"https:\/\/agora.xtec.cat\/escolalavilapalamos\/wp-content\/uploads\/usu897\/2022\/02\/c16e6f1e-83df-4833-aa3f-f82154909d33-1024x766.jpg\" alt=\"\" width=\"434\" height=\"325\" srcset=\"https:\/\/agora.xtec.cat\/escolalavilapalamos\/wp-content\/uploads\/usu897\/2022\/02\/c16e6f1e-83df-4833-aa3f-f82154909d33-1024x766.jpg 1024w, https:\/\/agora.xtec.cat\/escolalavilapalamos\/wp-content\/uploads\/usu897\/2022\/02\/c16e6f1e-83df-4833-aa3f-f82154909d33-300x224.jpg 300w, https:\/\/agora.xtec.cat\/escolalavilapalamos\/wp-content\/uploads\/usu897\/2022\/02\/c16e6f1e-83df-4833-aa3f-f82154909d33-768x575.jpg 768w, https:\/\/agora.xtec.cat\/escolalavilapalamos\/wp-content\/uploads\/usu897\/2022\/02\/c16e6f1e-83df-4833-aa3f-f82154909d33-1536x1149.jpg 1536w, https:\/\/agora.xtec.cat\/escolalavilapalamos\/wp-content\/uploads\/usu897\/2022\/02\/c16e6f1e-83df-4833-aa3f-f82154909d33-200x150.jpg 200w, https:\/\/agora.xtec.cat\/escolalavilapalamos\/wp-content\/uploads\/usu897\/2022\/02\/c16e6f1e-83df-4833-aa3f-f82154909d33.jpg 1600w\" sizes=\"auto, (max-width: 434px) 100vw, 434px\" \/>Durant aquesta setmana els alumnes de 6\u00e8 hem gaudit de la sortida &#8220;Viure entre muralles&#8221; per part del Museu de la Pesca de Palam\u00f3s. En aquesta proposta hem apr\u00e8s sobre la vida dels nostres avantpassats durant diferents \u00e8poques de la hist\u00f2ria. Hem seguit el recorregut de l&#8217;antiga muralla del poble descobrint els espais i edificis que recorden quan va n\u00e9ixer Palam\u00f3s i per qu\u00e8.<\/p>\n<p>Aquesta visita ens ha ensenyat que hem de preservar les mostres del passat, els coneixements, els edificis, l&#8217;art i la cultura per qu\u00e8 totes elles parlen de la gent que ha viscut abans que nosaltres en aquest poble. Tot aix\u00f2 apr\u00e8s ens ha de servir per poder-ho explicar als futurs habitants de Palam\u00f3s i la gent que vulgui con\u00e8ixer el poble.<\/p>\n<p>Gr\u00e0cies per la visita!<\/p>\n<p>Clica la <a href=\"https:\/\/photos.app.goo.gl\/AUqfdQgNCCBuLa6f9\">imatge<\/a> per veure el recull de fotografies dels diferents grups de 6\u00e8.<\/p>\n","protected":false},"excerpt":{"rendered":"<p>Durant aquesta setmana els alumnes de 6\u00e8 hem gaudit de la sortida &#8220;Viure entre muralles&#8221; per part del Museu de la Pesca de Palam\u00f3s. En aquesta proposta hem apr\u00e8s sobre la vida dels nostres avantpassats durant diferents \u00e8poques de la hist\u00f2ria. Hem seguit el recorregut&hellip;  <a href=\"https:\/\/agora.xtec.cat\/escolalavilapalamos\/general\/descobrim-entre-muralles-a-6e-de-primaria\/\" title=\"Read Descobrim entre muralles a 6\u00e8 de prim\u00e0ria\">Llegeix m\u00e9s\u00bb<\/a><\/p>\n","protected":false},"author":168,"featured_media":11064,"comment_status":"closed","ping_status":"closed","sticky":false,"template":"","format":"standard","meta":{"_bbp_topic_count":0,"_bbp_reply_count":0,"_bbp_total_topic_count":0,"_bbp_total_reply_count":0,"_bbp_voice_count":0,"_bbp_anonymous_reply_count":0,"_bbp_topic_count_hidden":0,"_bbp_reply_count_hidden":0,"_bbp_forum_subforum_count":0,"footnotes":""},"categories":[15,128,1,138,4,5],"tags":[],"class_list":["post-11063","post","type-post","status-publish","format-standard","has-post-thumbnail","hentry","category-6e","category-comunitat-de-grans","category-general","category-notices-a-la-web","category-portada","category-primaria"],"post_mailing_queue_ids":[],"_links":{"self":[{"href":"https:\/\/agora.xtec.cat\/escolalavilapalamos\/wp-json\/wp\/v2\/posts\/11063","targetHints":{"allow":["GET"]}}],"collection":[{"href":"https:\/\/agora.xtec.cat\/escolalavilapalamos\/wp-json\/wp\/v2\/posts"}],"about":[{"href":"https:\/\/agora.xtec.cat\/escolalavilapalamos\/wp-json\/wp\/v2\/types\/post"}],"author":[{"embeddable":true,"href":"https:\/\/agora.xtec.cat\/escolalavilapalamos\/wp-json\/wp\/v2\/users\/168"}],"replies":[{"embeddable":true,"href":"https:\/\/agora.xtec.cat\/escolalavilapalamos\/wp-json\/wp\/v2\/comments?post=11063"}],"version-history":[{"count":3,"href":"https:\/\/agora.xtec.cat\/escolalavilapalamos\/wp-json\/wp\/v2\/posts\/11063\/revisions"}],"predecessor-version":[{"id":11083,"href":"https:\/\/agora.xtec.cat\/escolalavilapalamos\/wp-json\/wp\/v2\/posts\/11063\/revisions\/11083"}],"wp:featuredmedia":[{"embeddable":true,"href":"https:\/\/agora.xtec.cat\/escolalavilapalamos\/wp-json\/wp\/v2\/media\/11064"}],"wp:attachment":[{"href":"https:\/\/agora.xtec.cat\/escolalavilapalamos\/wp-json\/wp\/v2\/media?parent=11063"}],"wp:term":[{"taxonomy":"category","embeddable":true,"href":"https:\/\/agora.xtec.cat\/escolalavilapalamos\/wp-json\/wp\/v2\/categories?post=11063"},{"taxonomy":"post_tag","embeddable":true,"href":"https:\/\/agora.xtec.cat\/escolalavilapalamos\/wp-json\/wp\/v2\/tags?post=11063"}],"curies":[{"name":"wp","href":"https:\/\/api.w.org\/{rel}","templated":true}]}}