{"id":11057,"date":"2022-02-24T11:18:11","date_gmt":"2022-02-24T10:18:11","guid":{"rendered":"https:\/\/agora.xtec.cat\/escolalavilapalamos\/?p=11057"},"modified":"2022-02-24T11:42:54","modified_gmt":"2022-02-24T10:42:54","slug":"sortida-al-parc-del-convent-dels-agustins","status":"publish","type":"post","link":"https:\/\/agora.xtec.cat\/escolalavilapalamos\/general\/sortida-al-parc-del-convent-dels-agustins\/","title":{"rendered":"Sortida al Parc del Convent dels Agustins"},"content":{"rendered":"<p style=\"text-align: justify;\"><a href=\"https:\/\/photos.app.goo.gl\/rCjP7Avf883GKGhq8\"><img loading=\"lazy\" decoding=\"async\" class=\"size-medium wp-image-11058 alignright\" src=\"https:\/\/agora.xtec.cat\/escolalavilapalamos\/wp-content\/uploads\/usu897\/2022\/02\/TUXW3141-225x300.jpg\" alt=\"\" width=\"225\" height=\"300\" srcset=\"https:\/\/agora.xtec.cat\/escolalavilapalamos\/wp-content\/uploads\/usu897\/2022\/02\/TUXW3141-225x300.jpg 225w, https:\/\/agora.xtec.cat\/escolalavilapalamos\/wp-content\/uploads\/usu897\/2022\/02\/TUXW3141-769x1024.jpg 769w, https:\/\/agora.xtec.cat\/escolalavilapalamos\/wp-content\/uploads\/usu897\/2022\/02\/TUXW3141-768x1022.jpg 768w, https:\/\/agora.xtec.cat\/escolalavilapalamos\/wp-content\/uploads\/usu897\/2022\/02\/TUXW3141-1154x1536.jpg 1154w, https:\/\/agora.xtec.cat\/escolalavilapalamos\/wp-content\/uploads\/usu897\/2022\/02\/TUXW3141.jpg 1232w\" sizes=\"auto, (max-width: 225px) 100vw, 225px\" \/><\/a>Els nens i nens de P5 continuem aprenent moltes coses del nostre poble a trav\u00e9s del Projecte Palam\u00f3s. Aquest cop hem descobert que en el punt m\u00e9s alt de Palam\u00f3s, en el paratge de la Punta, hi havia hagut fa molt i molts anys\u00a0 una esgl\u00e9sia dedicada a la Mare de D\u00e9u de Gr\u00e0cia, i\u00a0 que posteriorment\u00a0 es va fundar al seu costat el convent del Agustins.<\/p>\n<p style=\"text-align: justify;\">Aquest dijous tot caminant pel Passeig de les Pites hem visitat el Parc del Convent dels Agustins per veure les restes arqueol\u00f2giques de l&#8217;ermita i del claustre. Hem estat observant que a la Portalada hi havia el mateix escut que hav\u00edem vist a l&#8217;Ajuntament. Ens hem fixat en els semicercles i les columnes del Claustre. I ens ha impressionat la mida de la Rosassa.<\/p>\n<p style=\"text-align: justify;\">Despr\u00e9s d&#8217;esmorzar i jugar una estoneta en un parc al costat de la Torre de L&#8217;Aigua de Palam\u00f3s. Ens hem animat a dibuixar\u00a0 alguna de les parts del Convent dels Agustins.<\/p>\n<p style=\"text-align: justify;\">Ens ha agradat molt la visita!!!!. Podeu clicar a sobre de la imatge per veure m\u00e9s fotografies.<\/p>\n","protected":false},"excerpt":{"rendered":"<p><a href=\"https:\/\/photos.app.goo.gl\/rCjP7Avf883GKGhq8\"><\/a>Els nens i nens de P5 continuem aprenent moltes coses del nostre poble a trav\u00e9s del Projecte Palam\u00f3s. Aquest cop hem descobert que en el punt m\u00e9s alt de Palam\u00f3s, en el paratge de la Punta, hi havia hagut fa molt i molts anys\u00a0&hellip;  <a href=\"https:\/\/agora.xtec.cat\/escolalavilapalamos\/general\/sortida-al-parc-del-convent-dels-agustins\/\" title=\"Read Sortida al Parc del Convent dels Agustins\">Llegeix m\u00e9s\u00bb<\/a><\/p>\n","protected":false},"author":128,"featured_media":11058,"comment_status":"open","ping_status":"closed","sticky":false,"template":"","format":"standard","meta":{"_bbp_topic_count":0,"_bbp_reply_count":0,"_bbp_total_topic_count":0,"_bbp_total_reply_count":0,"_bbp_voice_count":0,"_bbp_anonymous_reply_count":0,"_bbp_topic_count_hidden":0,"_bbp_reply_count_hidden":0,"_bbp_forum_subforum_count":0,"footnotes":""},"categories":[2,1,4,5],"tags":[],"class_list":["post-11057","post","type-post","status-publish","format-standard","has-post-thumbnail","hentry","category-infantil","category-general","category-portada","category-primaria"],"post_mailing_queue_ids":[],"_links":{"self":[{"href":"https:\/\/agora.xtec.cat\/escolalavilapalamos\/wp-json\/wp\/v2\/posts\/11057","targetHints":{"allow":["GET"]}}],"collection":[{"href":"https:\/\/agora.xtec.cat\/escolalavilapalamos\/wp-json\/wp\/v2\/posts"}],"about":[{"href":"https:\/\/agora.xtec.cat\/escolalavilapalamos\/wp-json\/wp\/v2\/types\/post"}],"author":[{"embeddable":true,"href":"https:\/\/agora.xtec.cat\/escolalavilapalamos\/wp-json\/wp\/v2\/users\/128"}],"replies":[{"embeddable":true,"href":"https:\/\/agora.xtec.cat\/escolalavilapalamos\/wp-json\/wp\/v2\/comments?post=11057"}],"version-history":[{"count":3,"href":"https:\/\/agora.xtec.cat\/escolalavilapalamos\/wp-json\/wp\/v2\/posts\/11057\/revisions"}],"predecessor-version":[{"id":11085,"href":"https:\/\/agora.xtec.cat\/escolalavilapalamos\/wp-json\/wp\/v2\/posts\/11057\/revisions\/11085"}],"wp:featuredmedia":[{"embeddable":true,"href":"https:\/\/agora.xtec.cat\/escolalavilapalamos\/wp-json\/wp\/v2\/media\/11058"}],"wp:attachment":[{"href":"https:\/\/agora.xtec.cat\/escolalavilapalamos\/wp-json\/wp\/v2\/media?parent=11057"}],"wp:term":[{"taxonomy":"category","embeddable":true,"href":"https:\/\/agora.xtec.cat\/escolalavilapalamos\/wp-json\/wp\/v2\/categories?post=11057"},{"taxonomy":"post_tag","embeddable":true,"href":"https:\/\/agora.xtec.cat\/escolalavilapalamos\/wp-json\/wp\/v2\/tags?post=11057"}],"curies":[{"name":"wp","href":"https:\/\/api.w.org\/{rel}","templated":true}]}}