{"id":11046,"date":"2022-02-24T11:24:41","date_gmt":"2022-02-24T10:24:41","guid":{"rendered":"https:\/\/agora.xtec.cat\/escolalavilapalamos\/?p=11046"},"modified":"2022-02-24T11:24:41","modified_gmt":"2022-02-24T10:24:41","slug":"art-i-les-gavarres","status":"publish","type":"post","link":"https:\/\/agora.xtec.cat\/escolalavilapalamos\/general\/art-i-les-gavarres\/","title":{"rendered":"Art i Les Gavarres"},"content":{"rendered":"<p style=\"text-align: left;\"><img loading=\"lazy\" decoding=\"async\" class=\" wp-image-11048 alignleft\" src=\"https:\/\/agora.xtec.cat\/escolalavilapalamos\/wp-content\/uploads\/usu897\/2022\/02\/WhatsApp-Image-2022-02-17-at-12.58.37-2-e1645106510436-300x210.jpeg\" alt=\"\" width=\"321\" height=\"225\" srcset=\"https:\/\/agora.xtec.cat\/escolalavilapalamos\/wp-content\/uploads\/usu897\/2022\/02\/WhatsApp-Image-2022-02-17-at-12.58.37-2-e1645106510436-300x210.jpeg 300w, https:\/\/agora.xtec.cat\/escolalavilapalamos\/wp-content\/uploads\/usu897\/2022\/02\/WhatsApp-Image-2022-02-17-at-12.58.37-2-e1645106510436-1024x717.jpeg 1024w, https:\/\/agora.xtec.cat\/escolalavilapalamos\/wp-content\/uploads\/usu897\/2022\/02\/WhatsApp-Image-2022-02-17-at-12.58.37-2-e1645106510436-768x537.jpeg 768w, https:\/\/agora.xtec.cat\/escolalavilapalamos\/wp-content\/uploads\/usu897\/2022\/02\/WhatsApp-Image-2022-02-17-at-12.58.37-2-e1645106510436.jpeg 1492w\" sizes=\"auto, (max-width: 321px) 100vw, 321px\" \/>A 3r, despr\u00e9s d&#8217;endinsar-nos en els tipus de paisatges de Catalunya, ens hem centrat en el nostre entorn natural. Hem comen\u00e7at a con\u00e8ixer el mass\u00eds de Les Gavarres i algun dels tresors que s&#8217;hi amaguen. La cova d&#8217;en Daina \u00e9s un dolmen de granit que es troba a Romany\u00e0, i despr\u00e9s de veure un v\u00eddeo explicatiu, hem pogut saber com era, per a qu\u00e8 servia i algunes curiositats m\u00e9s.<\/p>\n<p style=\"text-align: left;\">Hem aprofitat l&#8217;ocasi\u00f3 per portar l&#8217;expressi\u00f3 art\u00edstica a l&#8217;aula i l&#8217;hem dibuixat amb aquarel\u00b7les.<\/p>\n<p>Aqu\u00ed teniu un recull de fotos de l&#8217;activitat i algunes de les meravelloses obres que hem fet!<\/p>\n<p>\u00c0LBUM: <a href=\"https:\/\/photos.app.goo.gl\/5LJP3qZdX4xPPct79\">Aquarel\u00b7les a 3r_Dolmen de La Cova d&#8217;en Daina<\/a><\/p>\n","protected":false},"excerpt":{"rendered":"<p>A 3r, despr\u00e9s d&#8217;endinsar-nos en els tipus de paisatges de Catalunya, ens hem centrat en el nostre entorn natural. Hem comen\u00e7at a con\u00e8ixer el mass\u00eds de Les Gavarres i algun dels tresors que s&#8217;hi amaguen. La cova d&#8217;en Daina \u00e9s un dolmen de granit que&hellip;  <a href=\"https:\/\/agora.xtec.cat\/escolalavilapalamos\/general\/art-i-les-gavarres\/\" title=\"Read Art i Les Gavarres\">Llegeix m\u00e9s\u00bb<\/a><\/p>\n","protected":false},"author":131,"featured_media":11048,"comment_status":"open","ping_status":"closed","sticky":false,"template":"","format":"standard","meta":{"_bbp_topic_count":0,"_bbp_reply_count":0,"_bbp_total_topic_count":0,"_bbp_total_reply_count":0,"_bbp_voice_count":0,"_bbp_anonymous_reply_count":0,"_bbp_topic_count_hidden":0,"_bbp_reply_count_hidden":0,"_bbp_forum_subforum_count":0,"footnotes":""},"categories":[127,1,4,5],"tags":[],"class_list":["post-11046","post","type-post","status-publish","format-standard","has-post-thumbnail","hentry","category-comunitat-de-mitjans","category-general","category-portada","category-primaria"],"post_mailing_queue_ids":[],"_links":{"self":[{"href":"https:\/\/agora.xtec.cat\/escolalavilapalamos\/wp-json\/wp\/v2\/posts\/11046","targetHints":{"allow":["GET"]}}],"collection":[{"href":"https:\/\/agora.xtec.cat\/escolalavilapalamos\/wp-json\/wp\/v2\/posts"}],"about":[{"href":"https:\/\/agora.xtec.cat\/escolalavilapalamos\/wp-json\/wp\/v2\/types\/post"}],"author":[{"embeddable":true,"href":"https:\/\/agora.xtec.cat\/escolalavilapalamos\/wp-json\/wp\/v2\/users\/131"}],"replies":[{"embeddable":true,"href":"https:\/\/agora.xtec.cat\/escolalavilapalamos\/wp-json\/wp\/v2\/comments?post=11046"}],"version-history":[{"count":3,"href":"https:\/\/agora.xtec.cat\/escolalavilapalamos\/wp-json\/wp\/v2\/posts\/11046\/revisions"}],"predecessor-version":[{"id":11086,"href":"https:\/\/agora.xtec.cat\/escolalavilapalamos\/wp-json\/wp\/v2\/posts\/11046\/revisions\/11086"}],"wp:featuredmedia":[{"embeddable":true,"href":"https:\/\/agora.xtec.cat\/escolalavilapalamos\/wp-json\/wp\/v2\/media\/11048"}],"wp:attachment":[{"href":"https:\/\/agora.xtec.cat\/escolalavilapalamos\/wp-json\/wp\/v2\/media?parent=11046"}],"wp:term":[{"taxonomy":"category","embeddable":true,"href":"https:\/\/agora.xtec.cat\/escolalavilapalamos\/wp-json\/wp\/v2\/categories?post=11046"},{"taxonomy":"post_tag","embeddable":true,"href":"https:\/\/agora.xtec.cat\/escolalavilapalamos\/wp-json\/wp\/v2\/tags?post=11046"}],"curies":[{"name":"wp","href":"https:\/\/api.w.org\/{rel}","templated":true}]}}