{"id":11044,"date":"2022-02-23T15:19:37","date_gmt":"2022-02-23T14:19:37","guid":{"rendered":"https:\/\/agora.xtec.cat\/escolalavilapalamos\/?p=11044"},"modified":"2022-02-24T10:59:54","modified_gmt":"2022-02-24T09:59:54","slug":"les-propostes-a-p5","status":"publish","type":"post","link":"https:\/\/agora.xtec.cat\/escolalavilapalamos\/general\/les-propostes-a-p5\/","title":{"rendered":"Les propostes a P5"},"content":{"rendered":"<p style=\"text-align: justify;\"><span style=\"font-weight: 400;\">Els nens i nenes de P5 realitzem\u00a0 quinzenalment diferents\u00a0 propostes de treball organitzades en petits espais <\/span>a l&#8217;aula.<\/p>\n<p style=\"text-align: justify;\">La programaci\u00f3 i la planificaci\u00f3 d&#8217;aquestes propostes sorgeixen<span style=\"font-family: inherit; font-size: 1em;\"> dels interessos i necessitats\u00a0 dels infants. Estan plantejades de forma oberta i flexible, de manera que\u00a0 els infants participin, juguin, es relacionin, segueixin el seu ritme i\u00a0 siguin\u00a0 significatives per\u00a0 a ells,\u00a0 ja que \u00e9s la base de molts aprenentatges.\u00a0<\/span><\/p>\n<p style=\"text-align: justify;\"><span style=\"font-family: inherit; font-size: 1em;\">\u00a0Les propostes s&#8217;organitzen en sis espais: <\/span><span style=\"font-family: inherit; font-size: 1em;\">Llenguatge matem\u00e0tic, <\/span><span style=\"font-family: inherit; font-size: 1em;\">Llenguatge oral i escrit i lectura, E<\/span><span style=\"font-family: inherit; font-size: 1em;\">xperimentaci\u00f3, <\/span><span style=\"font-family: inherit; font-size: 1em;\">Llenguatge art\u00edstic,\u00a0 <\/span><span style=\"font-family: inherit; font-size: 1em;\">Construccions i <\/span><span style=\"font-family: inherit; font-size: 1em;\">Taula de llum<\/span><\/p>\n<p style=\"text-align: justify;\"><span style=\"font-weight: 400;\">A la rotllana, la mestra\u00a0 presenta les propostes i parlem sobre el que volem aconseguir i aprendre. Seguidament, escollim a quina proposta volem anar i ho marquem als nostres car<a href=\"https:\/\/photos.app.goo.gl\/tuzVWdGe2DFnfwA2A\"><img loading=\"lazy\" decoding=\"async\" class=\"wp-image-11061 size-medium alignright\" src=\"https:\/\/agora.xtec.cat\/escolalavilapalamos\/wp-content\/uploads\/usu897\/2022\/02\/XJON6874-225x300.jpg\" alt=\"\" width=\"225\" height=\"300\" data-wp-editing=\"1\" srcset=\"https:\/\/agora.xtec.cat\/escolalavilapalamos\/wp-content\/uploads\/usu897\/2022\/02\/XJON6874-225x300.jpg 225w, https:\/\/agora.xtec.cat\/escolalavilapalamos\/wp-content\/uploads\/usu897\/2022\/02\/XJON6874-768x1024.jpg 768w, https:\/\/agora.xtec.cat\/escolalavilapalamos\/wp-content\/uploads\/usu897\/2022\/02\/XJON6874-1152x1536.jpg 1152w, https:\/\/agora.xtec.cat\/escolalavilapalamos\/wp-content\/uploads\/usu897\/2022\/02\/XJON6874.jpg 1500w\" sizes=\"auto, (max-width: 225px) 100vw, 225px\" \/><\/a>nets de propostes.<\/span><\/p>\n<p style=\"text-align: justify;\"><span style=\"font-weight: 400;\">Ens autoavaluem! Un cop acabada la sessi\u00f3 valorem la proposta marcant en el nostre carnet de propostes i reflexionant infants i mestra: <\/span><span style=\"font-family: inherit; font-size: 1em;\">\u00a0qu\u00e8 hem fet? ens &#8216;ha agradat? ha estat f\u00e0cil?. L&#8217;objectiu \u00e9s aprendre a\u00a0 explicar i argumentar\u00a0 quina proposta s&#8217;ha fet.\u00a0<\/span><\/p>\n<p style=\"text-align: justify;\">Clica a la imatge per veure m\u00e9s fotos.<\/p>\n<p>&nbsp;<\/p>\n<p>&nbsp;<\/p>\n","protected":false},"excerpt":{"rendered":"<p>Els nens i nenes de P5 realitzem\u00a0 quinzenalment diferents\u00a0 propostes de treball organitzades en petits espais a l&#8217;aula.<br \/>\nLa programaci\u00f3 i la planificaci\u00f3 d&#8217;aquestes propostes sorgeixen dels interessos i necessitats\u00a0 dels infants. Estan plantejades de forma oberta i flexible, de manera que\u00a0 els infants participin, juguin,&hellip;  <a href=\"https:\/\/agora.xtec.cat\/escolalavilapalamos\/general\/les-propostes-a-p5\/\" title=\"Read Les propostes a P5\">Llegeix m\u00e9s\u00bb<\/a><\/p>\n","protected":false},"author":128,"featured_media":11061,"comment_status":"open","ping_status":"closed","sticky":false,"template":"","format":"standard","meta":{"_bbp_topic_count":0,"_bbp_reply_count":0,"_bbp_total_topic_count":0,"_bbp_total_reply_count":0,"_bbp_voice_count":0,"_bbp_anonymous_reply_count":0,"_bbp_topic_count_hidden":0,"_bbp_reply_count_hidden":0,"_bbp_forum_subforum_count":0,"footnotes":""},"categories":[2,1,4],"tags":[],"class_list":["post-11044","post","type-post","status-publish","format-standard","has-post-thumbnail","hentry","category-infantil","category-general","category-portada"],"post_mailing_queue_ids":[],"_links":{"self":[{"href":"https:\/\/agora.xtec.cat\/escolalavilapalamos\/wp-json\/wp\/v2\/posts\/11044","targetHints":{"allow":["GET"]}}],"collection":[{"href":"https:\/\/agora.xtec.cat\/escolalavilapalamos\/wp-json\/wp\/v2\/posts"}],"about":[{"href":"https:\/\/agora.xtec.cat\/escolalavilapalamos\/wp-json\/wp\/v2\/types\/post"}],"author":[{"embeddable":true,"href":"https:\/\/agora.xtec.cat\/escolalavilapalamos\/wp-json\/wp\/v2\/users\/128"}],"replies":[{"embeddable":true,"href":"https:\/\/agora.xtec.cat\/escolalavilapalamos\/wp-json\/wp\/v2\/comments?post=11044"}],"version-history":[{"count":3,"href":"https:\/\/agora.xtec.cat\/escolalavilapalamos\/wp-json\/wp\/v2\/posts\/11044\/revisions"}],"predecessor-version":[{"id":11081,"href":"https:\/\/agora.xtec.cat\/escolalavilapalamos\/wp-json\/wp\/v2\/posts\/11044\/revisions\/11081"}],"wp:featuredmedia":[{"embeddable":true,"href":"https:\/\/agora.xtec.cat\/escolalavilapalamos\/wp-json\/wp\/v2\/media\/11061"}],"wp:attachment":[{"href":"https:\/\/agora.xtec.cat\/escolalavilapalamos\/wp-json\/wp\/v2\/media?parent=11044"}],"wp:term":[{"taxonomy":"category","embeddable":true,"href":"https:\/\/agora.xtec.cat\/escolalavilapalamos\/wp-json\/wp\/v2\/categories?post=11044"},{"taxonomy":"post_tag","embeddable":true,"href":"https:\/\/agora.xtec.cat\/escolalavilapalamos\/wp-json\/wp\/v2\/tags?post=11044"}],"curies":[{"name":"wp","href":"https:\/\/api.w.org\/{rel}","templated":true}]}}