{"id":11031,"date":"2022-02-17T11:56:25","date_gmt":"2022-02-17T10:56:25","guid":{"rendered":"https:\/\/agora.xtec.cat\/escolalavilapalamos\/?p=11031"},"modified":"2022-02-22T10:17:05","modified_gmt":"2022-02-22T09:17:05","slug":"xx-concurs-de-dibuix-de-punts-de-llibre","status":"publish","type":"post","link":"https:\/\/agora.xtec.cat\/escolalavilapalamos\/general\/xx-concurs-de-dibuix-de-punts-de-llibre\/","title":{"rendered":"XX Concurs de dibuix de punts de llibre"},"content":{"rendered":"<p><img loading=\"lazy\" decoding=\"async\" class=\"size-medium wp-image-11034 alignleft\" src=\"https:\/\/agora.xtec.cat\/escolalavilapalamos\/wp-content\/uploads\/usu897\/2022\/02\/enid.width-500-212x300.jpg\" alt=\"\" width=\"212\" height=\"300\" srcset=\"https:\/\/agora.xtec.cat\/escolalavilapalamos\/wp-content\/uploads\/usu897\/2022\/02\/enid.width-500-212x300.jpg 212w, https:\/\/agora.xtec.cat\/escolalavilapalamos\/wp-content\/uploads\/usu897\/2022\/02\/enid.width-500.jpg 424w\" sizes=\"auto, (max-width: 212px) 100vw, 212px\" \/>La biblioteca de Palam\u00f3s organitza una nova edici\u00f3 del <strong>Concurs de dibuix punts de llibre de Sant Jordi.<\/strong><\/p>\n<p>La proposta d&#8217;aquest any \u00e9s <strong>Enid Blyton en el 125\u00e8 aniversari del seu naixement.<img loading=\"lazy\" decoding=\"async\" class=\" wp-image-11035 alignright\" src=\"https:\/\/agora.xtec.cat\/escolalavilapalamos\/wp-content\/uploads\/usu897\/2022\/02\/4328-198x300.jpg\" alt=\"\" width=\"185\" height=\"280\" srcset=\"https:\/\/agora.xtec.cat\/escolalavilapalamos\/wp-content\/uploads\/usu897\/2022\/02\/4328-198x300.jpg 198w, https:\/\/agora.xtec.cat\/escolalavilapalamos\/wp-content\/uploads\/usu897\/2022\/02\/4328.jpg 297w\" sizes=\"auto, (max-width: 185px) 100vw, 185px\" \/><\/strong><\/p>\n<p>Els alumnes de 1r a 6\u00e8 participen en el concurs de punt de llibre. Hi ha dues categories: 1a categoria de 6 a 8 anys i 2a categoria de 9 a 12 anys.<\/p>\n<p>El mes de mar\u00e7 estaran exposats tots els punts de llibre a la biblioteca de Palam\u00f3s. Del dimarts 1 fins el dissabte 12 de mar\u00e7 es podr\u00e0 votar pels\/per les guanyadors\/es que sortiran el dia de Sant Jordi.\u00e7<\/p>\n<p><a href=\"https:\/\/ca.wikipedia.org\/wiki\/Enid_Blyton\"><b>Enid Mary Blyto<\/b><strong>n 1897 \u2013 1968 <\/strong><\/a>fou una prol\u00edfica escriptora anglesa de literatura infantil. Entre les seves s\u00e8ries m\u00e9s famoses hi ha les de\u00a0<i>Noddy<\/i>,\u00a0<i>Els Cinc<\/i>,\u00a0<i>Els Set Secrets<\/i>,\u00a0<i>Santa Clara<\/i>\u00a0o\u00a0<i>Torres de Malory,<\/i>\u00a0narracions protagonitzades per nois i noies en un entorn alegre i feli\u00e7.<\/p>\n<p>&nbsp;<\/p>\n","protected":false},"excerpt":{"rendered":"<p>La biblioteca de Palam\u00f3s organitza una nova edici\u00f3 del Concurs de dibuix punts de llibre de Sant Jordi.<br \/>\nLa proposta d&#8217;aquest any \u00e9s Enid Blyton en el 125\u00e8 aniversari del seu naixement.<br \/>\nEls alumnes de 1r a 6\u00e8 participen en el concurs de punt de llibre. Hi&hellip;  <a href=\"https:\/\/agora.xtec.cat\/escolalavilapalamos\/general\/xx-concurs-de-dibuix-de-punts-de-llibre\/\" title=\"Read XX Concurs de dibuix de punts de llibre\">Llegeix m\u00e9s\u00bb<\/a><\/p>\n","protected":false},"author":1,"featured_media":11034,"comment_status":"open","ping_status":"closed","sticky":false,"template":"","format":"standard","meta":{"_bbp_topic_count":0,"_bbp_reply_count":0,"_bbp_total_topic_count":0,"_bbp_total_reply_count":0,"_bbp_voice_count":0,"_bbp_anonymous_reply_count":0,"_bbp_topic_count_hidden":0,"_bbp_reply_count_hidden":0,"_bbp_forum_subforum_count":0,"footnotes":""},"categories":[1,4,5],"tags":[],"class_list":["post-11031","post","type-post","status-publish","format-standard","has-post-thumbnail","hentry","category-general","category-portada","category-primaria"],"post_mailing_queue_ids":[],"_links":{"self":[{"href":"https:\/\/agora.xtec.cat\/escolalavilapalamos\/wp-json\/wp\/v2\/posts\/11031","targetHints":{"allow":["GET"]}}],"collection":[{"href":"https:\/\/agora.xtec.cat\/escolalavilapalamos\/wp-json\/wp\/v2\/posts"}],"about":[{"href":"https:\/\/agora.xtec.cat\/escolalavilapalamos\/wp-json\/wp\/v2\/types\/post"}],"author":[{"embeddable":true,"href":"https:\/\/agora.xtec.cat\/escolalavilapalamos\/wp-json\/wp\/v2\/users\/1"}],"replies":[{"embeddable":true,"href":"https:\/\/agora.xtec.cat\/escolalavilapalamos\/wp-json\/wp\/v2\/comments?post=11031"}],"version-history":[{"count":3,"href":"https:\/\/agora.xtec.cat\/escolalavilapalamos\/wp-json\/wp\/v2\/posts\/11031\/revisions"}],"predecessor-version":[{"id":11038,"href":"https:\/\/agora.xtec.cat\/escolalavilapalamos\/wp-json\/wp\/v2\/posts\/11031\/revisions\/11038"}],"wp:featuredmedia":[{"embeddable":true,"href":"https:\/\/agora.xtec.cat\/escolalavilapalamos\/wp-json\/wp\/v2\/media\/11034"}],"wp:attachment":[{"href":"https:\/\/agora.xtec.cat\/escolalavilapalamos\/wp-json\/wp\/v2\/media?parent=11031"}],"wp:term":[{"taxonomy":"category","embeddable":true,"href":"https:\/\/agora.xtec.cat\/escolalavilapalamos\/wp-json\/wp\/v2\/categories?post=11031"},{"taxonomy":"post_tag","embeddable":true,"href":"https:\/\/agora.xtec.cat\/escolalavilapalamos\/wp-json\/wp\/v2\/tags?post=11031"}],"curies":[{"name":"wp","href":"https:\/\/api.w.org\/{rel}","templated":true}]}}