{"id":11020,"date":"2022-02-14T12:47:47","date_gmt":"2022-02-14T11:47:47","guid":{"rendered":"https:\/\/agora.xtec.cat\/escolalavilapalamos\/?p=11020"},"modified":"2022-02-14T15:22:35","modified_gmt":"2022-02-14T14:22:35","slug":"viatge-de-final-de-curs-de-6e-7","status":"publish","type":"post","link":"https:\/\/agora.xtec.cat\/escolalavilapalamos\/general\/viatge-de-final-de-curs-de-6e-7\/","title":{"rendered":"Viatge de final de curs de 6\u00e8"},"content":{"rendered":"<div class=\"entry-content\">\n<header class=\"entry-header\"><\/header>\n<div class=\"entry-content\">\n<p><a href=\"https:\/\/agora.xtec.cat\/escolalavilapalamos\/wp-content\/uploads\/usu897\/2017\/05\/viatge-de-final-de-curs-1-1.jpg\"><img loading=\"lazy\" decoding=\"async\" class=\"wp-image-2640 alignright\" src=\"https:\/\/agora.xtec.cat\/escolalavilapalamos\/wp-content\/uploads\/usu897\/2017\/05\/viatge-de-final-de-curs-1-1-1024x724.jpg\" sizes=\"auto, (max-width: 313px) 100vw, 313px\" srcset=\"https:\/\/agora.xtec.cat\/escolalavilapalamos\/wp-content\/uploads\/usu897\/2017\/05\/viatge-de-final-de-curs-1-1-1024x724.jpg 1024w, https:\/\/agora.xtec.cat\/escolalavilapalamos\/wp-content\/uploads\/usu897\/2017\/05\/viatge-de-final-de-curs-1-1-300x212.jpg 300w, https:\/\/agora.xtec.cat\/escolalavilapalamos\/wp-content\/uploads\/usu897\/2017\/05\/viatge-de-final-de-curs-1-1-768x543.jpg 768w\" alt=\"\" width=\"313\" height=\"221\" \/><\/a>Aquest curs 2021-22, els nois i noies de 6\u00e8 acaben l\u2019etapa d\u2019Educaci\u00f3 Prim\u00e0ria i com cada any es fa <strong>el viatge de final de curs<\/strong>. El viatge de fi de curs \u00e9s a <strong>Port Aventura &#8211; Coma-ruga els dies 1, 2 i 3 de juny.<\/strong><\/p>\n<p>Malgrat el COVID, la col\u00b7laboraci\u00f3 de les fam\u00edlies amb les activitats organitzades al llarg del curs passat, per tal de recollir diners i fer m\u00e9s econ\u00f2mica aquesta activitat va ser tot un \u00e8xit. Tamb\u00e9 comptem amb l&#8217;ajut econ\u00f2mic de l&#8217;AMPA que ens cobreix el transport. <strong>L&#8217;import final a pagar per cada alumne ser\u00e0 de 50\u20ac<\/strong>.<\/p>\n<p>El preu inclou: autocar, estada a l&#8217;hotel, monitoratge, activitats esportives, entrada i dinar a Por Aventura.<\/p>\n<p><strong>Pagament de 50\u20ac a La Caixa entre els dies 14 de febrer i 6 de mar\u00e7.<\/strong> Recordeu retornar l&#8217;autoritzaci\u00f3 i el resguard de pagament a l&#8217;escola dins les dates establertes.<\/p>\n<p><a href=\"https:\/\/drive.google.com\/file\/d\/1PwLjrSv8QqhjwPPpJyTedZ8kbXqEglWe\/view?usp=sharing\">Descarregueu-vos l\u2019autoritzaci\u00f3 aqu\u00ed<\/a><\/p>\n<\/div>\n<\/div>\n","protected":false},"excerpt":{"rendered":"<p><a href=\"https:\/\/agora.xtec.cat\/escolalavilapalamos\/wp-content\/uploads\/usu897\/2017\/05\/viatge-de-final-de-curs-1-1.jpg\"><\/a>Aquest curs 2021-22, els nois i noies de 6\u00e8 acaben l\u2019etapa d\u2019Educaci\u00f3 Prim\u00e0ria i com cada any es fa el viatge de final de curs. El viatge de fi de curs \u00e9s a Port Aventura &#8211; Coma-ruga els dies 1, 2 i 3 de&hellip;  <a href=\"https:\/\/agora.xtec.cat\/escolalavilapalamos\/general\/viatge-de-final-de-curs-de-6e-7\/\" title=\"Read Viatge de final de curs de 6\u00e8\">Llegeix m\u00e9s\u00bb<\/a><\/p>\n","protected":false},"author":1,"featured_media":2640,"comment_status":"open","ping_status":"closed","sticky":false,"template":"","format":"standard","meta":{"_bbp_topic_count":0,"_bbp_reply_count":0,"_bbp_total_topic_count":0,"_bbp_total_reply_count":0,"_bbp_voice_count":0,"_bbp_anonymous_reply_count":0,"_bbp_topic_count_hidden":0,"_bbp_reply_count_hidden":0,"_bbp_forum_subforum_count":0,"footnotes":""},"categories":[128,1,4],"tags":[],"class_list":["post-11020","post","type-post","status-publish","format-standard","has-post-thumbnail","hentry","category-comunitat-de-grans","category-general","category-portada"],"post_mailing_queue_ids":[],"_links":{"self":[{"href":"https:\/\/agora.xtec.cat\/escolalavilapalamos\/wp-json\/wp\/v2\/posts\/11020","targetHints":{"allow":["GET"]}}],"collection":[{"href":"https:\/\/agora.xtec.cat\/escolalavilapalamos\/wp-json\/wp\/v2\/posts"}],"about":[{"href":"https:\/\/agora.xtec.cat\/escolalavilapalamos\/wp-json\/wp\/v2\/types\/post"}],"author":[{"embeddable":true,"href":"https:\/\/agora.xtec.cat\/escolalavilapalamos\/wp-json\/wp\/v2\/users\/1"}],"replies":[{"embeddable":true,"href":"https:\/\/agora.xtec.cat\/escolalavilapalamos\/wp-json\/wp\/v2\/comments?post=11020"}],"version-history":[{"count":3,"href":"https:\/\/agora.xtec.cat\/escolalavilapalamos\/wp-json\/wp\/v2\/posts\/11020\/revisions"}],"predecessor-version":[{"id":11025,"href":"https:\/\/agora.xtec.cat\/escolalavilapalamos\/wp-json\/wp\/v2\/posts\/11020\/revisions\/11025"}],"wp:featuredmedia":[{"embeddable":true,"href":"https:\/\/agora.xtec.cat\/escolalavilapalamos\/wp-json\/wp\/v2\/media\/2640"}],"wp:attachment":[{"href":"https:\/\/agora.xtec.cat\/escolalavilapalamos\/wp-json\/wp\/v2\/media?parent=11020"}],"wp:term":[{"taxonomy":"category","embeddable":true,"href":"https:\/\/agora.xtec.cat\/escolalavilapalamos\/wp-json\/wp\/v2\/categories?post=11020"},{"taxonomy":"post_tag","embeddable":true,"href":"https:\/\/agora.xtec.cat\/escolalavilapalamos\/wp-json\/wp\/v2\/tags?post=11020"}],"curies":[{"name":"wp","href":"https:\/\/api.w.org\/{rel}","templated":true}]}}