{"id":10987,"date":"2022-02-21T08:00:28","date_gmt":"2022-02-21T07:00:28","guid":{"rendered":"https:\/\/agora.xtec.cat\/escolalavilapalamos\/?p=10987"},"modified":"2022-02-22T11:32:31","modified_gmt":"2022-02-22T10:32:31","slug":"activitat-de-vela-de-6e","status":"publish","type":"post","link":"https:\/\/agora.xtec.cat\/escolalavilapalamos\/general\/activitat-de-vela-de-6e\/","title":{"rendered":"Activitat de vela de 6\u00e8"},"content":{"rendered":"<p>A partir del proper 3, 4 i 7 de mar\u00e7 es comen\u00e7ar\u00e0 <strong>l\u2019activitat de vela<\/strong> pels alumnes de 6\u00e8, com cada any.<\/p>\n<p>L\u2019activitat es portar\u00e0 a terme els dilluns pels alumnes de <strong>6\u00e8C<\/strong> els dijous pels alumnes de <strong>6\u00e8B i <\/strong>els divendres a la tarda pels alumnes de <strong>6\u00e8A. Horari de 14:30h a 16h.<\/strong><\/p>\n<p>El curs consta <strong>d\u2019onze<\/strong> sessions per cadascun dels grups.<a href=\"https:\/\/goo.gl\/photos\/aCUZ5mXDd4LGX2K29\"><img loading=\"lazy\" decoding=\"async\" class=\"alignright\" src=\"https:\/\/lh3.googleusercontent.com\/aiJWzDCFFqOxakpxdQnzpCD7NKmQ_p5S05FwtVaErRyJKUOV4n_LFm1kxnnXiRkjwvJCUe8F_hAEVA96fTpP4U2dwLgLd5H48kS3MwFiPjI_S4SHyckYGv4yorxyjK40DkhhRiYqFWiOuohOt9ebKtNTiHsSxbsWieTuVlqzrSzYuB0kvvdwf6Sx-US8uby8_VY4kwJuUwSyriACoc_iq3K7-8pM-afzfB7g_94x-CsQKOQzDOxQs-DS1u7l5zH5pGb1voVWdyyGsUtiCaMZVZP2Q6TmO8iiE30dLdX3a3JgCgRCQ9FIsyHTbcEYTGshjKViDb0ZXKLTvDQen0jTW8vfoxq__yP61RmcYyc3m9nZmCP4ORu1Y8SXzDdDXxceNI7Y4gd_L-5wkAI6_pqxk1PWRG_4QcWkjRMxkTex5LeVhDJDDZOZLzfqCaZaiRKGH3hVxJAaK1Y_jXwGXaoyaIo6NANC6Ff05AJdQklndTUBInJbEbHVi15JSQEwZsWT3_rDntBeXkQXU24JhRWE85FVnmP1Dd9EIyGMyOEdgD9LQ2W9sMfcmRee5y_VMQ8jpQ-G8DvbJrdKa4LuSJMOAW19erFZkkWU7_ynAQ0a9i1k4fOM_YtNu90t22WxG_uTUl2TaiE4_YvzoO27SrJUKHir-2pni-8UGfrkmh7gcg=w1152-h648-no\" width=\"450\" height=\"253\" \/><\/a><\/p>\n<p>Els\/les alumnes hauran de dirigir-se directament al Club de vela on hi haur\u00e0 els monitors i el mestre d&#8217;educaci\u00f3 f\u00edsica de l&#8217;escola. A l&#8217;hora d&#8217;acabar l&#8217;activitat podran marxar sols cap a casa o els podeu recollir davant de la barrera\u00a0 del Club.<\/p>\n<p>Els\/les alumnes que es queden a menjador poden marxar acompanyats dels mestres a les 14:15h des de l&#8217;escola fins el lloc de l&#8217;activitat de vela.<\/p>\n<p><a href=\"https:\/\/drive.google.com\/file\/d\/1_01gaaMlFvEijXpvBIRAYtoyJKYkBjAm\/view?usp=sharing\">Cal signar aquesta autoritzaci\u00f3<\/a> abans de <strong>divendres 25 de febrer.<\/strong><\/p>\n<p>&nbsp;<\/p>\n","protected":false},"excerpt":{"rendered":"<p>A partir del proper 3, 4 i 7 de mar\u00e7 es comen\u00e7ar\u00e0 l\u2019activitat de vela pels alumnes de 6\u00e8, com cada any.<br \/>\nL\u2019activitat es portar\u00e0 a terme els dilluns pels alumnes de 6\u00e8C els dijous pels alumnes de 6\u00e8B i els divendres a la tarda pels&hellip;  <a href=\"https:\/\/agora.xtec.cat\/escolalavilapalamos\/general\/activitat-de-vela-de-6e\/\" title=\"Read Activitat de vela de 6\u00e8\">Llegeix m\u00e9s\u00bb<\/a><\/p>\n","protected":false},"author":1,"featured_media":10990,"comment_status":"open","ping_status":"closed","sticky":false,"template":"","format":"standard","meta":{"_bbp_topic_count":0,"_bbp_reply_count":0,"_bbp_total_topic_count":0,"_bbp_total_reply_count":0,"_bbp_voice_count":0,"_bbp_anonymous_reply_count":0,"_bbp_topic_count_hidden":0,"_bbp_reply_count_hidden":0,"_bbp_forum_subforum_count":0,"footnotes":""},"categories":[128,1,4],"tags":[],"class_list":["post-10987","post","type-post","status-publish","format-standard","has-post-thumbnail","hentry","category-comunitat-de-grans","category-general","category-portada"],"post_mailing_queue_ids":[],"_links":{"self":[{"href":"https:\/\/agora.xtec.cat\/escolalavilapalamos\/wp-json\/wp\/v2\/posts\/10987","targetHints":{"allow":["GET"]}}],"collection":[{"href":"https:\/\/agora.xtec.cat\/escolalavilapalamos\/wp-json\/wp\/v2\/posts"}],"about":[{"href":"https:\/\/agora.xtec.cat\/escolalavilapalamos\/wp-json\/wp\/v2\/types\/post"}],"author":[{"embeddable":true,"href":"https:\/\/agora.xtec.cat\/escolalavilapalamos\/wp-json\/wp\/v2\/users\/1"}],"replies":[{"embeddable":true,"href":"https:\/\/agora.xtec.cat\/escolalavilapalamos\/wp-json\/wp\/v2\/comments?post=10987"}],"version-history":[{"count":3,"href":"https:\/\/agora.xtec.cat\/escolalavilapalamos\/wp-json\/wp\/v2\/posts\/10987\/revisions"}],"predecessor-version":[{"id":10991,"href":"https:\/\/agora.xtec.cat\/escolalavilapalamos\/wp-json\/wp\/v2\/posts\/10987\/revisions\/10991"}],"wp:featuredmedia":[{"embeddable":true,"href":"https:\/\/agora.xtec.cat\/escolalavilapalamos\/wp-json\/wp\/v2\/media\/10990"}],"wp:attachment":[{"href":"https:\/\/agora.xtec.cat\/escolalavilapalamos\/wp-json\/wp\/v2\/media?parent=10987"}],"wp:term":[{"taxonomy":"category","embeddable":true,"href":"https:\/\/agora.xtec.cat\/escolalavilapalamos\/wp-json\/wp\/v2\/categories?post=10987"},{"taxonomy":"post_tag","embeddable":true,"href":"https:\/\/agora.xtec.cat\/escolalavilapalamos\/wp-json\/wp\/v2\/tags?post=10987"}],"curies":[{"name":"wp","href":"https:\/\/api.w.org\/{rel}","templated":true}]}}