{"id":10984,"date":"2022-02-09T14:57:11","date_gmt":"2022-02-09T13:57:11","guid":{"rendered":"https:\/\/agora.xtec.cat\/escolalavilapalamos\/?p=10984"},"modified":"2022-02-10T12:43:19","modified_gmt":"2022-02-10T11:43:19","slug":"novetats-en-lus-de-les-mascaretes-als-centres-educatius","status":"publish","type":"post","link":"https:\/\/agora.xtec.cat\/escolalavilapalamos\/general\/novetats-en-lus-de-les-mascaretes-als-centres-educatius\/","title":{"rendered":"Novetats en l&#8217;\u00fas de les mascaretes als centres educatius"},"content":{"rendered":"<p><strong><img loading=\"lazy\" decoding=\"async\" class=\"size-full wp-image-10985 alignright\" src=\"https:\/\/agora.xtec.cat\/escolalavilapalamos\/wp-content\/uploads\/usu897\/2022\/02\/image.jpg\" alt=\"\" width=\"225\" height=\"225\" srcset=\"https:\/\/agora.xtec.cat\/escolalavilapalamos\/wp-content\/uploads\/usu897\/2022\/02\/image.jpg 225w, https:\/\/agora.xtec.cat\/escolalavilapalamos\/wp-content\/uploads\/usu897\/2022\/02\/image-150x150.jpg 150w\" sizes=\"auto, (max-width: 225px) 100vw, 225px\" \/>A partir de dijous 10 de febrer l&#8217;alumnat i el personal dels centres ja no caldr\u00e0 que portin la mascareta als patis i als espais exteriors de les escoles i dels institut<\/strong><strong>s encara que es barregin diferents grups de conviv\u00e8ncia<\/strong>. Tampoc caldr\u00e0 portar-la en les sortides i excursions fora del centre que es \u200bfacin a l&#8217;aire lliure ni en els espais exteriors durant les col\u00f2nies o altres estades amb pernoctaci\u00f3.<\/p>\n<p>S\u00ed que s&#8217;ha de fer servir durant el despla\u00e7ament si s&#8217;utilitza algun mitj\u00e0 de transport p\u00fablic o privat.<\/p>\n<p><strong>La mascareta continua sent obligat\u00f2ria a les aules i als espais interiors dels centres educatius<\/strong>, exceptuant el moment de l&#8217;\u00e0pat al menjador escolar o quan es faci alguna activitat que n&#8217;impedeixi l&#8217;\u00fas (activitat f\u00edsica intensa, tocar la flauta, etc.), tot i que es recomana que aquestes activitats es facin a l&#8217;exterior sempre que sigui possible.<\/p>\n<p>Tota la informaci\u00f3 la trobareu al document de salut: <a href=\"https:\/\/drive.google.com\/file\/d\/1ra4onwpjm7-oES2-DbFDxJwebmYyxu-9\/view?usp=sharing\">Novetats sobre l&#8217;\u00fas de mascaretes als centres educatius<\/a><\/p>\n","protected":false},"excerpt":{"rendered":"<p>A partir de dijous 10 de febrer l&#8217;alumnat i el personal dels centres ja no caldr\u00e0 que portin la mascareta als patis i als espais exteriors de les escoles i dels instituts encara que es barregin diferents grups de conviv\u00e8ncia. Tampoc caldr\u00e0 portar-la en les&hellip;  <a href=\"https:\/\/agora.xtec.cat\/escolalavilapalamos\/general\/novetats-en-lus-de-les-mascaretes-als-centres-educatius\/\" title=\"Read Novetats en l&#8217;\u00fas de les mascaretes als centres educatius\">Llegeix m\u00e9s\u00bb<\/a><\/p>\n","protected":false},"author":1,"featured_media":10985,"comment_status":"open","ping_status":"closed","sticky":false,"template":"","format":"standard","meta":{"_bbp_topic_count":0,"_bbp_reply_count":0,"_bbp_total_topic_count":0,"_bbp_total_reply_count":0,"_bbp_voice_count":0,"_bbp_anonymous_reply_count":0,"_bbp_topic_count_hidden":0,"_bbp_reply_count_hidden":0,"_bbp_forum_subforum_count":0,"footnotes":""},"categories":[1,4],"tags":[],"class_list":["post-10984","post","type-post","status-publish","format-standard","has-post-thumbnail","hentry","category-general","category-portada"],"post_mailing_queue_ids":[],"_links":{"self":[{"href":"https:\/\/agora.xtec.cat\/escolalavilapalamos\/wp-json\/wp\/v2\/posts\/10984","targetHints":{"allow":["GET"]}}],"collection":[{"href":"https:\/\/agora.xtec.cat\/escolalavilapalamos\/wp-json\/wp\/v2\/posts"}],"about":[{"href":"https:\/\/agora.xtec.cat\/escolalavilapalamos\/wp-json\/wp\/v2\/types\/post"}],"author":[{"embeddable":true,"href":"https:\/\/agora.xtec.cat\/escolalavilapalamos\/wp-json\/wp\/v2\/users\/1"}],"replies":[{"embeddable":true,"href":"https:\/\/agora.xtec.cat\/escolalavilapalamos\/wp-json\/wp\/v2\/comments?post=10984"}],"version-history":[{"count":1,"href":"https:\/\/agora.xtec.cat\/escolalavilapalamos\/wp-json\/wp\/v2\/posts\/10984\/revisions"}],"predecessor-version":[{"id":10986,"href":"https:\/\/agora.xtec.cat\/escolalavilapalamos\/wp-json\/wp\/v2\/posts\/10984\/revisions\/10986"}],"wp:featuredmedia":[{"embeddable":true,"href":"https:\/\/agora.xtec.cat\/escolalavilapalamos\/wp-json\/wp\/v2\/media\/10985"}],"wp:attachment":[{"href":"https:\/\/agora.xtec.cat\/escolalavilapalamos\/wp-json\/wp\/v2\/media?parent=10984"}],"wp:term":[{"taxonomy":"category","embeddable":true,"href":"https:\/\/agora.xtec.cat\/escolalavilapalamos\/wp-json\/wp\/v2\/categories?post=10984"},{"taxonomy":"post_tag","embeddable":true,"href":"https:\/\/agora.xtec.cat\/escolalavilapalamos\/wp-json\/wp\/v2\/tags?post=10984"}],"curies":[{"name":"wp","href":"https:\/\/api.w.org\/{rel}","templated":true}]}}