{"id":10964,"date":"2022-02-09T11:03:17","date_gmt":"2022-02-09T10:03:17","guid":{"rendered":"https:\/\/agora.xtec.cat\/escolalavilapalamos\/?p=10964"},"modified":"2022-02-09T15:13:59","modified_gmt":"2022-02-09T14:13:59","slug":"fem-dhorticultors-i-horticultores","status":"publish","type":"post","link":"https:\/\/agora.xtec.cat\/escolalavilapalamos\/general\/fem-dhorticultors-i-horticultores\/","title":{"rendered":"Fem d&#8217;horticultors i horticultores!"},"content":{"rendered":"<div><a href=\"https:\/\/agora.xtec.cat\/escolalavilapalamos\/wp-content\/uploads\/usu897\/2022\/02\/IMG_7264.jpeg\"><img loading=\"lazy\" decoding=\"async\" class=\"alignnone wp-image-10966\" src=\"https:\/\/agora.xtec.cat\/escolalavilapalamos\/wp-content\/uploads\/usu897\/2022\/02\/IMG_7264-1024x768.jpeg\" alt=\"\" width=\"739\" height=\"554\" srcset=\"https:\/\/agora.xtec.cat\/escolalavilapalamos\/wp-content\/uploads\/usu897\/2022\/02\/IMG_7264-1024x768.jpeg 1024w, https:\/\/agora.xtec.cat\/escolalavilapalamos\/wp-content\/uploads\/usu897\/2022\/02\/IMG_7264-300x225.jpeg 300w, https:\/\/agora.xtec.cat\/escolalavilapalamos\/wp-content\/uploads\/usu897\/2022\/02\/IMG_7264-768x576.jpeg 768w, https:\/\/agora.xtec.cat\/escolalavilapalamos\/wp-content\/uploads\/usu897\/2022\/02\/IMG_7264-1536x1152.jpeg 1536w, https:\/\/agora.xtec.cat\/escolalavilapalamos\/wp-content\/uploads\/usu897\/2022\/02\/IMG_7264-200x150.jpeg 200w, https:\/\/agora.xtec.cat\/escolalavilapalamos\/wp-content\/uploads\/usu897\/2022\/02\/IMG_7264.jpeg 2048w\" sizes=\"auto, (max-width: 739px) 100vw, 739px\" \/><\/a><\/div>\n<div><\/div>\n<p style=\"text-align: left;\">Les nenes i nens de 2n hem anat a visitar dos horts. El del nostre company Joan i el dels seus ve\u00efns.<\/p>\n<p style=\"text-align: left;\">Aquesta visita ens ha ajudat a saber qu\u00e8 necessitem per iniciar el nostre hort de l&#8217;escola.<\/p>\n<p style=\"text-align: left;\">Hem pogut plantar enciams, maduixeres, farigola i julivert.\u00a0 Gr\u00e0cies a l&#8217;experi\u00e8ncia de l&#8217;Alicia\u00a0hem pogut aprendre:<\/p>\n<p style=\"text-align: left;\">&#8211; Que les plantes necessiten terra, sol i aigua.<\/p>\n<p style=\"text-align: left;\">&#8211; Que l&#8217;hort ha d&#8217;estar lliure de males herbes per deixar cr\u00e9ixer el que volem plantar.<\/p>\n<p style=\"text-align: left;\">&#8211; Que la terra no ha d&#8217;estar ni molt dura ni molt tova.<\/p>\n<p style=\"text-align: left;\">&#8211; Quines eines ens faran falta per treballar l&#8217;hort com els guants, el plantador, la pala,&#8230;<\/p>\n<p style=\"text-align: left;\">Ens han explicat que l&#8217;hort \u00e9s lent i que hem de tenir paci\u00e8ncia, ser constants i cuidar-lo. Aquestes s\u00f3n les claus que ens ajudaran a fer cr\u00e9ixer el nostre hort.<\/p>\n<p style=\"text-align: left;\">Tenim moltes ganes d&#8217;iniciar aquest projecte plegats. Males herbes: teniu les hores contades! Volem plantar enciams, faves i p\u00e8sols!<\/p>\n<p style=\"text-align: left;\">No ens volem oblidar que tamb\u00e9 vam poder veure animals: pollets, conills, conillets d&#8217;\u00edndia, &#8230; fins i tot vam recollir ous de gallina!<\/p>\n<p style=\"text-align: left;\">Us deixem algunes fotos de l&#8217;experi\u00e8ncia. Ens va encantar! \u00a0\u00a0 \u00a0\u00a0<a href=\"https:\/\/photos.app.goo.gl\/xZ7PN7p6ABGLivan8\">Fotos sortida a l&#8217;Hort d&#8217;en Joan<\/a><\/p>\n","protected":false},"excerpt":{"rendered":"<p><a href=\"https:\/\/agora.xtec.cat\/escolalavilapalamos\/wp-content\/uploads\/usu897\/2022\/02\/IMG_7264.jpeg\"><\/a><\/p>\n<p>Les nenes i nens de 2n hem anat a visitar dos horts. El del nostre company Joan i el dels seus ve\u00efns.<br \/>\nAquesta visita ens ha ajudat a saber qu\u00e8 necessitem per iniciar el nostre hort de l&#8217;escola.<br \/>\nHem pogut plantar enciams, maduixeres, farigola i julivert.\u00a0&hellip;  <a href=\"https:\/\/agora.xtec.cat\/escolalavilapalamos\/general\/fem-dhorticultors-i-horticultores\/\" title=\"Read Fem d&#8217;horticultors i horticultores!\">Llegeix m\u00e9s\u00bb<\/a><\/p>\n","protected":false},"author":106,"featured_media":10966,"comment_status":"open","ping_status":"closed","sticky":false,"template":"","format":"standard","meta":{"_bbp_topic_count":0,"_bbp_reply_count":0,"_bbp_total_topic_count":0,"_bbp_total_reply_count":0,"_bbp_voice_count":0,"_bbp_anonymous_reply_count":0,"_bbp_topic_count_hidden":0,"_bbp_reply_count_hidden":0,"_bbp_forum_subforum_count":0,"footnotes":""},"categories":[1,4,5],"tags":[],"class_list":["post-10964","post","type-post","status-publish","format-standard","has-post-thumbnail","hentry","category-general","category-portada","category-primaria"],"post_mailing_queue_ids":[],"_links":{"self":[{"href":"https:\/\/agora.xtec.cat\/escolalavilapalamos\/wp-json\/wp\/v2\/posts\/10964","targetHints":{"allow":["GET"]}}],"collection":[{"href":"https:\/\/agora.xtec.cat\/escolalavilapalamos\/wp-json\/wp\/v2\/posts"}],"about":[{"href":"https:\/\/agora.xtec.cat\/escolalavilapalamos\/wp-json\/wp\/v2\/types\/post"}],"author":[{"embeddable":true,"href":"https:\/\/agora.xtec.cat\/escolalavilapalamos\/wp-json\/wp\/v2\/users\/106"}],"replies":[{"embeddable":true,"href":"https:\/\/agora.xtec.cat\/escolalavilapalamos\/wp-json\/wp\/v2\/comments?post=10964"}],"version-history":[{"count":3,"href":"https:\/\/agora.xtec.cat\/escolalavilapalamos\/wp-json\/wp\/v2\/posts\/10964\/revisions"}],"predecessor-version":[{"id":10983,"href":"https:\/\/agora.xtec.cat\/escolalavilapalamos\/wp-json\/wp\/v2\/posts\/10964\/revisions\/10983"}],"wp:featuredmedia":[{"embeddable":true,"href":"https:\/\/agora.xtec.cat\/escolalavilapalamos\/wp-json\/wp\/v2\/media\/10966"}],"wp:attachment":[{"href":"https:\/\/agora.xtec.cat\/escolalavilapalamos\/wp-json\/wp\/v2\/media?parent=10964"}],"wp:term":[{"taxonomy":"category","embeddable":true,"href":"https:\/\/agora.xtec.cat\/escolalavilapalamos\/wp-json\/wp\/v2\/categories?post=10964"},{"taxonomy":"post_tag","embeddable":true,"href":"https:\/\/agora.xtec.cat\/escolalavilapalamos\/wp-json\/wp\/v2\/tags?post=10964"}],"curies":[{"name":"wp","href":"https:\/\/api.w.org\/{rel}","templated":true}]}}