{"id":10953,"date":"2022-02-08T09:41:07","date_gmt":"2022-02-08T08:41:07","guid":{"rendered":"https:\/\/agora.xtec.cat\/escolalavilapalamos\/?p=10953"},"modified":"2022-02-15T23:18:38","modified_gmt":"2022-02-15T22:18:38","slug":"dia-de-lainternet-segura","status":"publish","type":"post","link":"https:\/\/agora.xtec.cat\/escolalavilapalamos\/general\/dia-de-lainternet-segura\/","title":{"rendered":"Dia de la internet segura"},"content":{"rendered":"<p><img loading=\"lazy\" decoding=\"async\" class=\" wp-image-10956 alignright\" src=\"https:\/\/agora.xtec.cat\/escolalavilapalamos\/wp-content\/uploads\/usu897\/2022\/02\/CartellSID2022_Web-300x148.jpg\" alt=\"\" width=\"399\" height=\"197\" srcset=\"https:\/\/agora.xtec.cat\/escolalavilapalamos\/wp-content\/uploads\/usu897\/2022\/02\/CartellSID2022_Web-300x148.jpg 300w, https:\/\/agora.xtec.cat\/escolalavilapalamos\/wp-content\/uploads\/usu897\/2022\/02\/CartellSID2022_Web-1024x504.jpg 1024w, https:\/\/agora.xtec.cat\/escolalavilapalamos\/wp-content\/uploads\/usu897\/2022\/02\/CartellSID2022_Web-768x378.jpg 768w, https:\/\/agora.xtec.cat\/escolalavilapalamos\/wp-content\/uploads\/usu897\/2022\/02\/CartellSID2022_Web-1536x757.jpg 1536w, https:\/\/agora.xtec.cat\/escolalavilapalamos\/wp-content\/uploads\/usu897\/2022\/02\/CartellSID2022_Web.jpg 1900w\" sizes=\"auto, (max-width: 399px) 100vw, 399px\" \/><strong>El 8 de febrer de 2022<\/strong> se celebra una nova edici\u00f3 del <strong>Dia de la Internet Segura arreu del m\u00f3n<\/strong>. Amb m\u00e9s 200 pa\u00efsos d\u2019arreu que hi participen, la diada ha esdevingut una ocasi\u00f3 immillorable per treballar de manera conjunta un objectiu com\u00fa: la seguretat de la xarxa, especialment entre els usuaris m\u00e9s joves.<\/p>\n<p>I \u00e9s que l\u2019edat en qu\u00e8 els infants entren en el m\u00f3n de les noves tecnologies en general, i Internet en particular, s\u2019escur\u00e7a. I m\u00e9s encara en temps de pand\u00e8mia de la covid-19, en qu\u00e8 el model educatiu ha hagut de rec\u00f3rrer a la digitalitzaci\u00f3. Per aquesta ra\u00f3, \u00e9s important la conscienciaci\u00f3 per aconseguir que infants i joves siguin digitalment capa\u00e7os de destriar els bons i els mals h\u00e0bits. I entre tots, construir una Internet millor per a tothom.<\/p>\n<p>Aquest \u00e9s precisament el lema d\u2019enguany d\u2019Internet Segura, &#8216;Educadors, alumnes, fam\u00edlies&#8230; Constru\u00efm una Internet millor&#8217;. Perqu\u00e8 els h\u00e0bits i les actituds adquirides des de petits s\u00f3n m\u00e9s efectives per al futur.<\/p>\n<p>Internet segura. <a href=\"https:\/\/internetsegura.cat\/suplantacio-identitat-primaria\">Materials did\u00e0ctics<\/a>. <a href=\"https:\/\/internetsegura.cat\/definicio-projecte\/dia-internet-segura\/\">Programa del dia de la Internet segura.<\/a><\/p>\n<p>Trobareu jocs i activitats d&#8217;Internet segura a <a href=\"https:\/\/www.edu365.cat\/internetsegura\/index.html\">www.edu365.cat\/internetsegura\/index.htm<\/a><\/p>\n","protected":false},"excerpt":{"rendered":"<p>El 8 de febrer de 2022 se celebra una nova edici\u00f3 del Dia de la Internet Segura arreu del m\u00f3n. Amb m\u00e9s 200 pa\u00efsos d\u2019arreu que hi participen, la diada ha esdevingut una ocasi\u00f3 immillorable per treballar de manera conjunta un objectiu com\u00fa: la seguretat&hellip;  <a href=\"https:\/\/agora.xtec.cat\/escolalavilapalamos\/general\/dia-de-lainternet-segura\/\" title=\"Read Dia de la internet segura\">Llegeix m\u00e9s\u00bb<\/a><\/p>\n","protected":false},"author":1,"featured_media":10956,"comment_status":"open","ping_status":"closed","sticky":false,"template":"","format":"standard","meta":{"_bbp_topic_count":0,"_bbp_reply_count":0,"_bbp_total_topic_count":0,"_bbp_total_reply_count":0,"_bbp_voice_count":0,"_bbp_anonymous_reply_count":0,"_bbp_topic_count_hidden":0,"_bbp_reply_count_hidden":0,"_bbp_forum_subforum_count":0,"footnotes":""},"categories":[128,127,2,1,4],"tags":[],"class_list":["post-10953","post","type-post","status-publish","format-standard","has-post-thumbnail","hentry","category-comunitat-de-grans","category-comunitat-de-mitjans","category-infantil","category-general","category-portada"],"post_mailing_queue_ids":[],"_links":{"self":[{"href":"https:\/\/agora.xtec.cat\/escolalavilapalamos\/wp-json\/wp\/v2\/posts\/10953","targetHints":{"allow":["GET"]}}],"collection":[{"href":"https:\/\/agora.xtec.cat\/escolalavilapalamos\/wp-json\/wp\/v2\/posts"}],"about":[{"href":"https:\/\/agora.xtec.cat\/escolalavilapalamos\/wp-json\/wp\/v2\/types\/post"}],"author":[{"embeddable":true,"href":"https:\/\/agora.xtec.cat\/escolalavilapalamos\/wp-json\/wp\/v2\/users\/1"}],"replies":[{"embeddable":true,"href":"https:\/\/agora.xtec.cat\/escolalavilapalamos\/wp-json\/wp\/v2\/comments?post=10953"}],"version-history":[{"count":3,"href":"https:\/\/agora.xtec.cat\/escolalavilapalamos\/wp-json\/wp\/v2\/posts\/10953\/revisions"}],"predecessor-version":[{"id":11030,"href":"https:\/\/agora.xtec.cat\/escolalavilapalamos\/wp-json\/wp\/v2\/posts\/10953\/revisions\/11030"}],"wp:featuredmedia":[{"embeddable":true,"href":"https:\/\/agora.xtec.cat\/escolalavilapalamos\/wp-json\/wp\/v2\/media\/10956"}],"wp:attachment":[{"href":"https:\/\/agora.xtec.cat\/escolalavilapalamos\/wp-json\/wp\/v2\/media?parent=10953"}],"wp:term":[{"taxonomy":"category","embeddable":true,"href":"https:\/\/agora.xtec.cat\/escolalavilapalamos\/wp-json\/wp\/v2\/categories?post=10953"},{"taxonomy":"post_tag","embeddable":true,"href":"https:\/\/agora.xtec.cat\/escolalavilapalamos\/wp-json\/wp\/v2\/tags?post=10953"}],"curies":[{"name":"wp","href":"https:\/\/api.w.org\/{rel}","templated":true}]}}