{"id":10942,"date":"2022-02-07T15:36:15","date_gmt":"2022-02-07T14:36:15","guid":{"rendered":"https:\/\/agora.xtec.cat\/escolalavilapalamos\/?p=10942"},"modified":"2022-02-08T09:27:34","modified_gmt":"2022-02-08T08:27:34","slug":"novetats-gestio-dels-casos-covid-a-lescola","status":"publish","type":"post","link":"https:\/\/agora.xtec.cat\/escolalavilapalamos\/general\/novetats-gestio-dels-casos-covid-a-lescola\/","title":{"rendered":"Novetats gesti\u00f3 dels casos COVID a l&#8217;escola"},"content":{"rendered":"<p><img loading=\"lazy\" decoding=\"async\" class=\"size-medium wp-image-10944 alignright\" src=\"https:\/\/agora.xtec.cat\/escolalavilapalamos\/wp-content\/uploads\/usu897\/2022\/02\/images-300x127.jpg\" alt=\"\" width=\"300\" height=\"127\" srcset=\"https:\/\/agora.xtec.cat\/escolalavilapalamos\/wp-content\/uploads\/usu897\/2022\/02\/images-300x127.jpg 300w, https:\/\/agora.xtec.cat\/escolalavilapalamos\/wp-content\/uploads\/usu897\/2022\/02\/images.jpg 346w\" sizes=\"auto, (max-width: 300px) 100vw, 300px\" \/>Davant la millora de l\u2019escenari epidemiol\u00f2gic, i segons indicacions del Departament de Salut, a partir d&#8217;avui dilluns 7 de febrer <strong>se susp\u00e8n la realitzaci\u00f3 dels tests d&#8217;ant\u00edgens (TAR)\u00a0a l\u2019alumnat d\u2019educaci\u00f3 infantil, prim\u00e0ria i\u00a0secund\u00e0ria i d&#8217;ensenyaments postobligatoris\u00a0<\/strong>quan es produeixi un o diversos casos positius al grup de conviv\u00e8ncia estable.<\/p>\n<p>La recomanaci\u00f3 dels TAR, per\u00f2, es mant\u00e9 \u200bper l&#8217;alumnat de centres d&#8217;educaci\u00f3 especial i personal dels centres d&#8217;educaci\u00f3 infantil, prim\u00e0ria i centres d&#8217;educaci\u00f3 especial. Al marge dels col\u00b7lectius esmentats, de manera puntual,\u00a0<strong>es podr\u00e0 activar manualment l\u2019autoritzaci\u00f3 de TAR\u00a0<\/strong>per a qualsevol alumne o alumna\u00a0o docent si\u00a0aix\u00ed ho indiquen els Serveis de Vigil\u00e0ncia Epidemiol\u00f2gica\u200b.\u00a0\u200b\u200b<\/p>\n<p>En cas de<strong>\u00a0presentar simptomatologia compatible amb la covid-19<\/strong>, la persona afectada\u00a0haur\u00e0 de quedar-se a casa i posar-se en contacte amb el seu centre d\u2019atenci\u00f3 prim\u00e0ria o fer-se\u00a0un TAR al domicili. En \u200bcas de ser positiva, haur\u00e0 de fer\u00a0un per\u00edode d\u2019a\u00efllament de 7 dies i es podr\u00e0 reincorporar al centre educatiu (sense necessitat d&#8217;una\u00a0nova prova diagn\u00f2stica pr\u00e8via a la tornada), sempre que faci 3 dies que no presenta s\u00edmptomes.<\/p>\n","protected":false},"excerpt":{"rendered":"<p>Davant la millora de l\u2019escenari epidemiol\u00f2gic, i segons indicacions del Departament de Salut, a partir d&#8217;avui dilluns 7 de febrer se susp\u00e8n la realitzaci\u00f3 dels tests d&#8217;ant\u00edgens (TAR)\u00a0a l\u2019alumnat d\u2019educaci\u00f3 infantil, prim\u00e0ria i\u00a0secund\u00e0ria i d&#8217;ensenyaments postobligatoris\u00a0quan es produeixi un o diversos casos positius al grup&hellip;  <a href=\"https:\/\/agora.xtec.cat\/escolalavilapalamos\/general\/novetats-gestio-dels-casos-covid-a-lescola\/\" title=\"Read Novetats gesti\u00f3 dels casos COVID a l&#8217;escola\">Llegeix m\u00e9s\u00bb<\/a><\/p>\n","protected":false},"author":1,"featured_media":10944,"comment_status":"open","ping_status":"closed","sticky":false,"template":"","format":"standard","meta":{"_bbp_topic_count":0,"_bbp_reply_count":0,"_bbp_total_topic_count":0,"_bbp_total_reply_count":0,"_bbp_voice_count":0,"_bbp_anonymous_reply_count":0,"_bbp_topic_count_hidden":0,"_bbp_reply_count_hidden":0,"_bbp_forum_subforum_count":0,"footnotes":""},"categories":[1,4],"tags":[],"class_list":["post-10942","post","type-post","status-publish","format-standard","has-post-thumbnail","hentry","category-general","category-portada"],"post_mailing_queue_ids":[],"_links":{"self":[{"href":"https:\/\/agora.xtec.cat\/escolalavilapalamos\/wp-json\/wp\/v2\/posts\/10942","targetHints":{"allow":["GET"]}}],"collection":[{"href":"https:\/\/agora.xtec.cat\/escolalavilapalamos\/wp-json\/wp\/v2\/posts"}],"about":[{"href":"https:\/\/agora.xtec.cat\/escolalavilapalamos\/wp-json\/wp\/v2\/types\/post"}],"author":[{"embeddable":true,"href":"https:\/\/agora.xtec.cat\/escolalavilapalamos\/wp-json\/wp\/v2\/users\/1"}],"replies":[{"embeddable":true,"href":"https:\/\/agora.xtec.cat\/escolalavilapalamos\/wp-json\/wp\/v2\/comments?post=10942"}],"version-history":[{"count":3,"href":"https:\/\/agora.xtec.cat\/escolalavilapalamos\/wp-json\/wp\/v2\/posts\/10942\/revisions"}],"predecessor-version":[{"id":10946,"href":"https:\/\/agora.xtec.cat\/escolalavilapalamos\/wp-json\/wp\/v2\/posts\/10942\/revisions\/10946"}],"wp:featuredmedia":[{"embeddable":true,"href":"https:\/\/agora.xtec.cat\/escolalavilapalamos\/wp-json\/wp\/v2\/media\/10944"}],"wp:attachment":[{"href":"https:\/\/agora.xtec.cat\/escolalavilapalamos\/wp-json\/wp\/v2\/media?parent=10942"}],"wp:term":[{"taxonomy":"category","embeddable":true,"href":"https:\/\/agora.xtec.cat\/escolalavilapalamos\/wp-json\/wp\/v2\/categories?post=10942"},{"taxonomy":"post_tag","embeddable":true,"href":"https:\/\/agora.xtec.cat\/escolalavilapalamos\/wp-json\/wp\/v2\/tags?post=10942"}],"curies":[{"name":"wp","href":"https:\/\/api.w.org\/{rel}","templated":true}]}}