{"id":10940,"date":"2022-01-26T10:43:22","date_gmt":"2022-01-26T09:43:22","guid":{"rendered":"https:\/\/agora.xtec.cat\/escolalavilapalamos\/?p=10940"},"modified":"2022-02-07T10:44:22","modified_gmt":"2022-02-07T09:44:22","slug":"dia-escolar-de-la-pau-i-la-no-violencia","status":"publish","type":"post","link":"https:\/\/agora.xtec.cat\/escolalavilapalamos\/general\/dia-escolar-de-la-pau-i-la-no-violencia\/","title":{"rendered":"Dia Escolar de la Pau i la No-Viol\u00e8ncia"},"content":{"rendered":"<h1 class=\"entry-header\"><img loading=\"lazy\" decoding=\"async\" class=\"wp-image-4679 alignright\" src=\"https:\/\/agora.xtec.cat\/escolalavilapalamos\/wp-content\/uploads\/usu897\/2019\/02\/30_gener_2015_dia-300x214.jpg\" alt=\"\" width=\"389\" height=\"278\" srcset=\"https:\/\/agora.xtec.cat\/escolalavilapalamos\/wp-content\/uploads\/usu897\/2019\/02\/30_gener_2015_dia-300x214.jpg 300w, https:\/\/agora.xtec.cat\/escolalavilapalamos\/wp-content\/uploads\/usu897\/2019\/02\/30_gener_2015_dia-768x547.jpg 768w, https:\/\/agora.xtec.cat\/escolalavilapalamos\/wp-content\/uploads\/usu897\/2019\/02\/30_gener_2015_dia-1024x730.jpg 1024w, https:\/\/agora.xtec.cat\/escolalavilapalamos\/wp-content\/uploads\/usu897\/2019\/02\/30_gener_2015_dia.jpg 1141w\" sizes=\"auto, (max-width: 389px) 100vw, 389px\" \/><\/h1>\n<div class=\"entry-content\">\n<p>El 30 de Gener \u00e9s el <strong>Dia Internacional de la Pau i la No-Viol\u00e8ncia<\/strong>. Aquest dia \u00e9s commemora la mort de <strong>Mahatma Gandhi<\/strong> l\u00edder nacional i espiritual de l\u2019\u00cdndia. L\u2019objectiu del Dia Internacional de la Pau i la No Viol\u00e8ncia \u00e9s<span lang=\"ca\">\u00a0l\u2019educaci\u00f3 en i per a la toler\u00e0ncia, la solidaritat, la conc\u00f2rdia, el respecte als Drets Humans, la no-viol\u00e8ncia i la pau.<\/span><\/p>\n<p>Us proposem recursos, de diferents entitats, que us poden ser \u00fatils per celebrar aquest dia:<\/p>\n<ul>\n<li>Unicef proposa \u201c<strong><em>Mapa de Pau mental per a temibles trols infeli\u00e7os\u201d. <\/em><\/strong>Una tribu de trols ens ha demanat ajuda: volen sortir de les seves coves i adaptar-se a la vida moderna, per\u00f2 no entenen b\u00e9 la gent ni a ells mateixos, es frustren i passen el dia enfadant-se i barallant-se. La nostra missi\u00f3 ser\u00e0 dissenyar un mapa d\u2019emocions i sensacions que els serveixi de guia per con\u00e8ixer-se m\u00e9s b\u00e9 i poder-se relacionar en pau amb altres persones i trols. Aquesta activitat permet utilitzar l\u2019expressi\u00f3 art\u00edstica per generar mapes d\u2019emocions que ajudin els trols (i les persones) a recon\u00e8ixer les seves sensacions, protegir la seva salut mental i contribuir a un entorn m\u00e9s pac\u00edfic i dialogant. Podeu adaptar l\u2019activitat f\u00e0cilment al nivell maduratiu del vostre grup. Si vols participar amb la teva aula, <a href=\"https:\/\/www.unicef.es\/sites\/unicef.es\/files\/educa\/c21-22\/unicef-educa-biblioteca-actividad-mapa-paz-mental-guia-CAT.pdf?ac=AC-6616\" target=\"_blank\" rel=\"noopener\">baixa ara els materials necessaris<\/a>. Els trols seran m\u00e9s feli\u00e7os!<\/li>\n<li><a href=\"https:\/\/xarxanet.org\/internacional\/noticies\/recursos-treballar-els-valors-de-la-pau-amb-joves\">Xarxanet<\/a> recomana diferents propostes per treballar la Pau i generar un debat a partir d\u2019una primera reflexi\u00f3 personal.<\/li>\n<li>Gencat tamb\u00e9 ofereix\u00a0 <a href=\"http:\/\/xtec.gencat.cat\/ca\/centres\/projeducatiu\/convivencia\/recursos\/valorsiactituds\/educacio-per-la-pau\/eines\/\">recursos<\/a>\u00a0per treballar a les escoles.<\/li>\n<li>Fundesplai ens presenta <a href=\"https:\/\/escoles.fundesplai.org\/blog\/lleure\/12-recursos-pedagogics-per-la-no-violencia-i-la-pau\/\">12 propostes pedag\u00f2giques<\/a> \u00a0i un recull d\u2019<a href=\"https:\/\/escoles.fundesplai.org\/blog\/lleure\/recull-jocs-contes-i-activitats-artistiques-per-la-pau-i-la-no-violencia\/\">activitats art\u00edstiques<\/a>.<\/li>\n<li>El programa \u201cSigues Tu\u201d de Dipsalut\u00a0 ens aconsella diferents <a href=\"https:\/\/www.siguestu.cat\/ca\/noticies\/47-commemoracio-dels-dies-de-la-pau-i-la-mediaci.html\">activitats<\/a> per prim\u00e0ria i secund\u00e0ria.<\/li>\n<li>La Nati Bergad\u00e0 proposa un <a href=\"https:\/\/natibergada.cat\/descobreix-recursos-per-treballar-la-pau\/\">recull d\u2019activitats<\/a> per treballar la pau.<\/li>\n<li>A <a href=\"https:\/\/www.pinterest.es\/b7990102\/dia-de-la-pau\/\">Pinterest<\/a> hi trobareu manualitats i can\u00e7ons relacionades amb el tema.<\/li>\n<\/ul>\n<\/div>\n","protected":false},"excerpt":{"rendered":"<p>El 30 de Gener \u00e9s el Dia Internacional de la Pau i la No-Viol\u00e8ncia. Aquest dia \u00e9s commemora la mort de Mahatma Gandhi l\u00edder nacional i espiritual de l\u2019\u00cdndia. L\u2019objectiu del Dia Internacional de la Pau i la No Viol\u00e8ncia \u00e9s\u00a0l\u2019educaci\u00f3 en i per a&hellip;  <a href=\"https:\/\/agora.xtec.cat\/escolalavilapalamos\/general\/dia-escolar-de-la-pau-i-la-no-violencia\/\" title=\"Read Dia Escolar de la Pau i la No-Viol\u00e8ncia\">Llegeix m\u00e9s\u00bb<\/a><\/p>\n","protected":false},"author":1,"featured_media":4679,"comment_status":"open","ping_status":"closed","sticky":false,"template":"","format":"standard","meta":{"_bbp_topic_count":0,"_bbp_reply_count":0,"_bbp_total_topic_count":0,"_bbp_total_reply_count":0,"_bbp_voice_count":0,"_bbp_anonymous_reply_count":0,"_bbp_topic_count_hidden":0,"_bbp_reply_count_hidden":0,"_bbp_forum_subforum_count":0,"footnotes":""},"categories":[1,4],"tags":[],"class_list":["post-10940","post","type-post","status-publish","format-standard","has-post-thumbnail","hentry","category-general","category-portada"],"post_mailing_queue_ids":[],"_links":{"self":[{"href":"https:\/\/agora.xtec.cat\/escolalavilapalamos\/wp-json\/wp\/v2\/posts\/10940","targetHints":{"allow":["GET"]}}],"collection":[{"href":"https:\/\/agora.xtec.cat\/escolalavilapalamos\/wp-json\/wp\/v2\/posts"}],"about":[{"href":"https:\/\/agora.xtec.cat\/escolalavilapalamos\/wp-json\/wp\/v2\/types\/post"}],"author":[{"embeddable":true,"href":"https:\/\/agora.xtec.cat\/escolalavilapalamos\/wp-json\/wp\/v2\/users\/1"}],"replies":[{"embeddable":true,"href":"https:\/\/agora.xtec.cat\/escolalavilapalamos\/wp-json\/wp\/v2\/comments?post=10940"}],"version-history":[{"count":1,"href":"https:\/\/agora.xtec.cat\/escolalavilapalamos\/wp-json\/wp\/v2\/posts\/10940\/revisions"}],"predecessor-version":[{"id":10941,"href":"https:\/\/agora.xtec.cat\/escolalavilapalamos\/wp-json\/wp\/v2\/posts\/10940\/revisions\/10941"}],"wp:featuredmedia":[{"embeddable":true,"href":"https:\/\/agora.xtec.cat\/escolalavilapalamos\/wp-json\/wp\/v2\/media\/4679"}],"wp:attachment":[{"href":"https:\/\/agora.xtec.cat\/escolalavilapalamos\/wp-json\/wp\/v2\/media?parent=10940"}],"wp:term":[{"taxonomy":"category","embeddable":true,"href":"https:\/\/agora.xtec.cat\/escolalavilapalamos\/wp-json\/wp\/v2\/categories?post=10940"},{"taxonomy":"post_tag","embeddable":true,"href":"https:\/\/agora.xtec.cat\/escolalavilapalamos\/wp-json\/wp\/v2\/tags?post=10940"}],"curies":[{"name":"wp","href":"https:\/\/api.w.org\/{rel}","templated":true}]}}