{"id":10929,"date":"2022-02-08T09:27:10","date_gmt":"2022-02-08T08:27:10","guid":{"rendered":"https:\/\/agora.xtec.cat\/escolalavilapalamos\/?p=10929"},"modified":"2022-02-08T09:27:10","modified_gmt":"2022-02-08T08:27:10","slug":"laigua","status":"publish","type":"post","link":"https:\/\/agora.xtec.cat\/escolalavilapalamos\/general\/laigua\/","title":{"rendered":"L&#8217;aigua"},"content":{"rendered":"<p><img loading=\"lazy\" decoding=\"async\" class=\"wp-image-10933 alignright\" src=\"https:\/\/agora.xtec.cat\/escolalavilapalamos\/wp-content\/uploads\/usu897\/2022\/02\/1643998089423.jpg\" alt=\"\" width=\"326\" height=\"326\" srcset=\"https:\/\/agora.xtec.cat\/escolalavilapalamos\/wp-content\/uploads\/usu897\/2022\/02\/1643998089423.jpg 900w, https:\/\/agora.xtec.cat\/escolalavilapalamos\/wp-content\/uploads\/usu897\/2022\/02\/1643998089423-300x300.jpg 300w, https:\/\/agora.xtec.cat\/escolalavilapalamos\/wp-content\/uploads\/usu897\/2022\/02\/1643998089423-150x150.jpg 150w, https:\/\/agora.xtec.cat\/escolalavilapalamos\/wp-content\/uploads\/usu897\/2022\/02\/1643998089423-768x768.jpg 768w\" sizes=\"auto, (max-width: 326px) 100vw, 326px\" \/><\/p>\n<p>Aquest nou trimestre, els nens i les nenes de 4t estem molt il\u00b7lusionats per seguir ampliant \u00a0la nostra xarxa de relacions. Ja coneixem for\u00e7a b\u00e9 la Geosfera i ara tenim moltes ganes de saber i descobrir com \u00e9s i es comporta la hidrosfera.<\/p>\n<p>Tenim un munt de bones \u00a0preguntes: l\u2019aigua s\u2019acabar\u00e0?, sempre n\u2019hi ha la mateixa quantitat?, com la podem conservar?, a on hi ha aigua?, quines s\u00f3n les seves caracter\u00edstiques?, d\u2019on ve l\u2019aigua del mar?, de qu\u00e8 est\u00e0 feta l\u2019aigua?&#8230;<\/p>\n<p>Per anar donant resposta a tots aquests dubtes hem comen\u00e7at a investigar quina \u00e9s la composici\u00f3 de l\u2019aigua. L\u2019hem dibuixat i l\u2019hem representat de formes molt diferents.<\/p>\n<p>Tamb\u00e9 estem fent experiments per con\u00e8ixer quins s\u00f3n els estats de l\u2019aigua i perqu\u00e8 canvia d\u2019un a l\u2019altre.<\/p>\n<p>Estem a punt\u00a0 per endinsar-nos en aquesta nova aventura i con\u00e8ixer millor el nostre planeta.<\/p>\n<p>Si voleu veure com ens organitzem i treballem \u00a0<a href=\"https:\/\/photos.google.com\/u\/1\/album\/AF1QipOJHKqi1CXbPktMZJLDMd4f1aGAkxGa3FQ6T2I0\">cliqueu aqu\u00ed<\/a><\/p>\n<p>&nbsp;<\/p>\n","protected":false},"excerpt":{"rendered":"<p>Aquest nou trimestre, els nens i les nenes de 4t estem molt il\u00b7lusionats per seguir ampliant \u00a0la nostra xarxa de relacions. Ja coneixem for\u00e7a b\u00e9 la Geosfera i ara tenim moltes ganes de saber i descobrir com \u00e9s i es comporta la hidrosfera.<br \/>\nTenim un munt&hellip;  <a href=\"https:\/\/agora.xtec.cat\/escolalavilapalamos\/general\/laigua\/\" title=\"Read L&#8217;aigua\">Llegeix m\u00e9s\u00bb<\/a><\/p>\n","protected":false},"author":132,"featured_media":10933,"comment_status":"open","ping_status":"closed","sticky":false,"template":"","format":"standard","meta":{"_bbp_topic_count":0,"_bbp_reply_count":0,"_bbp_total_topic_count":0,"_bbp_total_reply_count":0,"_bbp_voice_count":0,"_bbp_anonymous_reply_count":0,"_bbp_topic_count_hidden":0,"_bbp_reply_count_hidden":0,"_bbp_forum_subforum_count":0,"footnotes":""},"categories":[128,1,4],"tags":[],"class_list":["post-10929","post","type-post","status-publish","format-standard","has-post-thumbnail","hentry","category-comunitat-de-grans","category-general","category-portada"],"post_mailing_queue_ids":[],"_links":{"self":[{"href":"https:\/\/agora.xtec.cat\/escolalavilapalamos\/wp-json\/wp\/v2\/posts\/10929","targetHints":{"allow":["GET"]}}],"collection":[{"href":"https:\/\/agora.xtec.cat\/escolalavilapalamos\/wp-json\/wp\/v2\/posts"}],"about":[{"href":"https:\/\/agora.xtec.cat\/escolalavilapalamos\/wp-json\/wp\/v2\/types\/post"}],"author":[{"embeddable":true,"href":"https:\/\/agora.xtec.cat\/escolalavilapalamos\/wp-json\/wp\/v2\/users\/132"}],"replies":[{"embeddable":true,"href":"https:\/\/agora.xtec.cat\/escolalavilapalamos\/wp-json\/wp\/v2\/comments?post=10929"}],"version-history":[{"count":3,"href":"https:\/\/agora.xtec.cat\/escolalavilapalamos\/wp-json\/wp\/v2\/posts\/10929\/revisions"}],"predecessor-version":[{"id":10950,"href":"https:\/\/agora.xtec.cat\/escolalavilapalamos\/wp-json\/wp\/v2\/posts\/10929\/revisions\/10950"}],"wp:featuredmedia":[{"embeddable":true,"href":"https:\/\/agora.xtec.cat\/escolalavilapalamos\/wp-json\/wp\/v2\/media\/10933"}],"wp:attachment":[{"href":"https:\/\/agora.xtec.cat\/escolalavilapalamos\/wp-json\/wp\/v2\/media?parent=10929"}],"wp:term":[{"taxonomy":"category","embeddable":true,"href":"https:\/\/agora.xtec.cat\/escolalavilapalamos\/wp-json\/wp\/v2\/categories?post=10929"},{"taxonomy":"post_tag","embeddable":true,"href":"https:\/\/agora.xtec.cat\/escolalavilapalamos\/wp-json\/wp\/v2\/tags?post=10929"}],"curies":[{"name":"wp","href":"https:\/\/api.w.org\/{rel}","templated":true}]}}