{"id":10915,"date":"2022-02-02T10:44:02","date_gmt":"2022-02-02T09:44:02","guid":{"rendered":"https:\/\/agora.xtec.cat\/escolalavilapalamos\/?p=10915"},"modified":"2022-02-08T10:06:04","modified_gmt":"2022-02-08T09:06:04","slug":"les-ombres-a-1r","status":"publish","type":"post","link":"https:\/\/agora.xtec.cat\/escolalavilapalamos\/general\/les-ombres-a-1r\/","title":{"rendered":"Les ombres a 1r"},"content":{"rendered":"<p>L&#8217;ombra ens persegueix tot el dia?, quan desapareix?, les ombres poden ser de colors?, les ombres canvien?&#8230; a l&#8217;inici de tot projecte sempre ens sorgeixen moltes preguntes. A primer \u00e9s el que est\u00e0 passant aquests dies. Tenim moltes ganes de saber on ens portar\u00e0.<\/p>\n<p>El passat dilluns a la tarda vam rebre un missatge d&#8217;un personatge que ens acompanya des d&#8217;inici de curs. Ens proposava investigar sobre l&#8217;ombra i aix\u00ed ho vam fer. Aqu\u00ed teniu un collage amb les fotos m\u00e9s representatives. El dimarts, vam sortir fora de l&#8217;escola per saber si el que passava dins de l&#8217;escola tamb\u00e9 passa fora.<\/p>\n<p><a href=\"https:\/\/agora.xtec.cat\/escolalavilapalamos\/wp-content\/uploads\/usu897\/2022\/02\/Screenshot_2022-02-01-10-30-35-57_1c337646f29875672b5a61192b9010f9.jpg\"><img loading=\"lazy\" decoding=\"async\" class=\"alignnone size-large wp-image-10916\" src=\"https:\/\/agora.xtec.cat\/escolalavilapalamos\/wp-content\/uploads\/usu897\/2022\/02\/Screenshot_2022-02-01-10-30-35-57_1c337646f29875672b5a61192b9010f9-1024x1019.jpg\" alt=\"\" width=\"1024\" height=\"1019\" srcset=\"https:\/\/agora.xtec.cat\/escolalavilapalamos\/wp-content\/uploads\/usu897\/2022\/02\/Screenshot_2022-02-01-10-30-35-57_1c337646f29875672b5a61192b9010f9-1024x1019.jpg 1024w, https:\/\/agora.xtec.cat\/escolalavilapalamos\/wp-content\/uploads\/usu897\/2022\/02\/Screenshot_2022-02-01-10-30-35-57_1c337646f29875672b5a61192b9010f9-300x300.jpg 300w, https:\/\/agora.xtec.cat\/escolalavilapalamos\/wp-content\/uploads\/usu897\/2022\/02\/Screenshot_2022-02-01-10-30-35-57_1c337646f29875672b5a61192b9010f9-150x150.jpg 150w, https:\/\/agora.xtec.cat\/escolalavilapalamos\/wp-content\/uploads\/usu897\/2022\/02\/Screenshot_2022-02-01-10-30-35-57_1c337646f29875672b5a61192b9010f9-768x764.jpg 768w, https:\/\/agora.xtec.cat\/escolalavilapalamos\/wp-content\/uploads\/usu897\/2022\/02\/Screenshot_2022-02-01-10-30-35-57_1c337646f29875672b5a61192b9010f9.jpg 1080w\" sizes=\"auto, (max-width: 1024px) 100vw, 1024px\" \/><\/a><\/p>\n<p>&nbsp;<\/p>\n<p><a href=\"https:\/\/agora.xtec.cat\/escolalavilapalamos\/wp-content\/uploads\/usu897\/2022\/02\/Screenshot_2022-02-02-10-17-01-86_1c337646f29875672b5a61192b9010f9.jpg\"><img loading=\"lazy\" decoding=\"async\" class=\"alignnone size-large wp-image-10918\" src=\"https:\/\/agora.xtec.cat\/escolalavilapalamos\/wp-content\/uploads\/usu897\/2022\/02\/Screenshot_2022-02-02-10-17-01-86_1c337646f29875672b5a61192b9010f9-1024x1024.jpg\" alt=\"\" width=\"1024\" height=\"1024\" srcset=\"https:\/\/agora.xtec.cat\/escolalavilapalamos\/wp-content\/uploads\/usu897\/2022\/02\/Screenshot_2022-02-02-10-17-01-86_1c337646f29875672b5a61192b9010f9-1024x1024.jpg 1024w, https:\/\/agora.xtec.cat\/escolalavilapalamos\/wp-content\/uploads\/usu897\/2022\/02\/Screenshot_2022-02-02-10-17-01-86_1c337646f29875672b5a61192b9010f9-300x300.jpg 300w, https:\/\/agora.xtec.cat\/escolalavilapalamos\/wp-content\/uploads\/usu897\/2022\/02\/Screenshot_2022-02-02-10-17-01-86_1c337646f29875672b5a61192b9010f9-150x150.jpg 150w, https:\/\/agora.xtec.cat\/escolalavilapalamos\/wp-content\/uploads\/usu897\/2022\/02\/Screenshot_2022-02-02-10-17-01-86_1c337646f29875672b5a61192b9010f9-768x767.jpg 768w, https:\/\/agora.xtec.cat\/escolalavilapalamos\/wp-content\/uploads\/usu897\/2022\/02\/Screenshot_2022-02-02-10-17-01-86_1c337646f29875672b5a61192b9010f9.jpg 1080w\" sizes=\"auto, (max-width: 1024px) 100vw, 1024px\" \/><\/a><\/p>\n","protected":false},"excerpt":{"rendered":"<p>L&#8217;ombra ens persegueix tot el dia?, quan desapareix?, les ombres poden ser de colors?, les ombres canvien?&#8230; a l&#8217;inici de tot projecte sempre ens sorgeixen moltes preguntes. A primer \u00e9s el que est\u00e0 passant aquests dies. Tenim moltes ganes de saber on ens portar\u00e0.<br \/>\nEl passat&hellip;  <a href=\"https:\/\/agora.xtec.cat\/escolalavilapalamos\/general\/les-ombres-a-1r\/\" title=\"Read Les ombres a 1r\">Llegeix m\u00e9s\u00bb<\/a><\/p>\n","protected":false},"author":245,"featured_media":10916,"comment_status":"open","ping_status":"closed","sticky":false,"template":"","format":"standard","meta":{"_bbp_topic_count":0,"_bbp_reply_count":0,"_bbp_total_topic_count":0,"_bbp_total_reply_count":0,"_bbp_voice_count":0,"_bbp_anonymous_reply_count":0,"_bbp_topic_count_hidden":0,"_bbp_reply_count_hidden":0,"_bbp_forum_subforum_count":0,"footnotes":""},"categories":[127,1,4,5],"tags":[],"class_list":["post-10915","post","type-post","status-publish","format-standard","has-post-thumbnail","hentry","category-comunitat-de-mitjans","category-general","category-portada","category-primaria"],"post_mailing_queue_ids":[],"_links":{"self":[{"href":"https:\/\/agora.xtec.cat\/escolalavilapalamos\/wp-json\/wp\/v2\/posts\/10915","targetHints":{"allow":["GET"]}}],"collection":[{"href":"https:\/\/agora.xtec.cat\/escolalavilapalamos\/wp-json\/wp\/v2\/posts"}],"about":[{"href":"https:\/\/agora.xtec.cat\/escolalavilapalamos\/wp-json\/wp\/v2\/types\/post"}],"author":[{"embeddable":true,"href":"https:\/\/agora.xtec.cat\/escolalavilapalamos\/wp-json\/wp\/v2\/users\/245"}],"replies":[{"embeddable":true,"href":"https:\/\/agora.xtec.cat\/escolalavilapalamos\/wp-json\/wp\/v2\/comments?post=10915"}],"version-history":[{"count":3,"href":"https:\/\/agora.xtec.cat\/escolalavilapalamos\/wp-json\/wp\/v2\/posts\/10915\/revisions"}],"predecessor-version":[{"id":10920,"href":"https:\/\/agora.xtec.cat\/escolalavilapalamos\/wp-json\/wp\/v2\/posts\/10915\/revisions\/10920"}],"wp:featuredmedia":[{"embeddable":true,"href":"https:\/\/agora.xtec.cat\/escolalavilapalamos\/wp-json\/wp\/v2\/media\/10916"}],"wp:attachment":[{"href":"https:\/\/agora.xtec.cat\/escolalavilapalamos\/wp-json\/wp\/v2\/media?parent=10915"}],"wp:term":[{"taxonomy":"category","embeddable":true,"href":"https:\/\/agora.xtec.cat\/escolalavilapalamos\/wp-json\/wp\/v2\/categories?post=10915"},{"taxonomy":"post_tag","embeddable":true,"href":"https:\/\/agora.xtec.cat\/escolalavilapalamos\/wp-json\/wp\/v2\/tags?post=10915"}],"curies":[{"name":"wp","href":"https:\/\/api.w.org\/{rel}","templated":true}]}}